{"id":7761,"date":"2026-04-10T09:00:00","date_gmt":"2026-04-10T09:00:00","guid":{"rendered":"https:\/\/relais-farfadets.net\/blog\/articles\/far-breton\/"},"modified":"2026-07-01T11:08:44","modified_gmt":"2026-07-01T09:08:44","slug":"far-breton","status":"publish","type":"post","link":"https:\/\/relais-farfadets.net\/blog\/articles\/far-breton\/","title":{"rendered":"Far Breton Authentique : Recette Traditionnelle"},"content":{"rendered":"<p>Le far breton est un dessert traditionnel de la r\u00e9gion Bretagne, en France, appr\u00e9ci\u00e9 pour sa texture moelleuse et son go\u00fbt d\u00e9licat. Ce g\u00e2teau \u00e0 base de farine, d\u2019\u0153ufs, de lait et souvent agr\u00e9ment\u00e9 de pruneaux ou d\u2019autres fruits, est une v\u00e9ritable institution culinaire bretonne. Dans cet article, nous allons explorer une recette authentique du far breton, ses ingr\u00e9dients cl\u00e9s, ainsi que quelques astuces pour le r\u00e9ussir parfaitement.<\/p>\n<h2>Les Ingr\u00e9dients Indispensables<\/h2>\n<p>Pour r\u00e9aliser un far breton traditionnel, voici les ingr\u00e9dients n\u00e9cessaires :<\/p>\n<ul>\n<li><strong>250 g de farine<\/strong> : Pr\u00e9f\u00e9rez une farine de bl\u00e9 type T55 pour une meilleure texture.<\/li>\n<li><strong>200 g de sucre<\/strong> : Du sucre blanc ou roux selon votre pr\u00e9f\u00e9rence.<\/li>\n<li><strong>1 litre de lait entier<\/strong> : Pour une onctuosit\u00e9 optimale.<\/li>\n<li><strong>4 \u0153ufs<\/strong> : Ils apportent la structure au g\u00e2teau.<\/li>\n<li><strong>1 sachet de levure chimique<\/strong> : Pour un bon gonflant.<\/li>\n<li><strong>300 g de pruneaux d\u00e9noyaut\u00e9s<\/strong> : Classiquement utilis\u00e9s, mais vous pouvez les remplacer par des raisins secs ou des abricots secs si souhait\u00e9.<\/li>\n<li><strong>Une pinc\u00e9e de sel<\/strong>.<\/li>\n<\/ul>\n<h2>\u00c9tapes de Pr\u00e9paration<\/h2>\n<h3>1. Pr\u00e9parer la p\u00e2te<\/h3>\n<ol>\n<li>Dans un saladier, tamisez la farine et la levure chimique.<\/li>\n<li>Ajoutez le sucre et le sel, puis m\u00e9langez bien.<\/li>\n<li>Incorporez les \u0153ufs un \u00e0 un tout en fouettant pour obtenir un m\u00e9lange homog\u00e8ne.<\/li>\n<li>Versez progressivement le lait tout en continuant \u00e0 m\u00e9langer jusqu\u2019\u00e0 l\u2019obtention d\u2019une p\u00e2te lisse.<\/li>\n<\/ol>\n<h3>2. Ajouter les fruits<\/h3>\n<p>Incorporez les pruneaux (ou vos fruits choisis) dans la p\u00e2te. Si vous utilisez des pruneaux, pensez \u00e0 les couper en deux pour qu\u2019ils soient bien r\u00e9partis dans le g\u00e2teau.<\/p>\n<h3>3. Cuisson<\/h3>\n<ol>\n<li>Pr\u00e9chauffez votre four \u00e0 180 \u00b0C (thermostat 6).<\/li>\n<li>Beurrez un moule rectangulaire ou rond.<\/li>\n<li>Versez la pr\u00e9paration dans le moule et enfournez pendant environ 45 minutes, jusqu\u2019\u00e0 ce que le dessus soit dor\u00e9 et qu\u2019un couteau ins\u00e9r\u00e9 au centre en ressorte propre.<\/li>\n<\/ol>\n<h2>Temps de Cuisson et Astuces<\/h2>\n<p>La cuisson peut varier selon votre four et le type de moule utilis\u00e9. Voici quelques conseils pour \u00e9viter les pi\u00e8ges courants :<\/p>\n<ul>\n<li><strong>Ne pas ouvrir le four trop t\u00f4t<\/strong> : Cela pourrait faire retomber le g\u00e2teau.<\/li>\n<li><strong>V\u00e9rifiez la cuisson avec un couteau<\/strong> : Si celui-ci ressort encore humide, prolongez la cuisson par tranches de 5 minutes.<\/li>\n<\/ul>\n<h2>D\u00e9gustation et Conservation<\/h2>\n<p>Le far breton se d\u00e9guste ti\u00e8de ou froid. Il peut \u00eatre servi tel quel ou accompagn\u00e9 d\u2019une boule de glace \u00e0 la vanille pour plus de gourmandise. C\u00f4t\u00e9 conservation, il se garde bien au r\u00e9frig\u00e9rateur pendant environ une semaine dans une bo\u00eete herm\u00e9tique.<\/p>\n<table class=\"kwdbank-table\">\n<thead>\n<tr>\n<th>Type de fruit<\/th>\n<th>Go\u00fbt<\/th>\n<th>Temps d\u2019hydratation<\/th>\n<\/tr>\n<\/thead>\n<tbody>\n<tr>\n<td>Pruneaux<\/td>\n<td>Doux et sucr\u00e9<\/td>\n<td>Pas n\u00e9cessaire<\/td>\n<\/tr>\n<tr>\n<td>Raisins secs<\/td>\n<td>Sucr\u00e9 avec une l\u00e9g\u00e8re acidit\u00e9<\/td>\n<td>30 minutes dans l\u2019eau<\/td>\n<\/tr>\n<tr>\n<td>Abricots secs<\/td>\n<td>Fruit\u00e9<\/td>\n<td>30 minutes dans l\u2019eau<\/td>\n<\/tr>\n<\/tbody>\n<\/table>\n<h2>Variantes R\u00e9gionales du Far Breton<\/h2>\n<p>Bien que le far breton classique soit largement reconnu avec des pruneaux, plusieurs variantes existent :<\/p>\n<ul>\n<li><strong>Far aux pommes<\/strong> : Utilisez des pommes coup\u00e9es en d\u00e9s pour une version fruit\u00e9e diff\u00e9rente.<\/li>\n<li><strong>Far sal\u00e9<\/strong> : Ajoutez du bacon ou du fromage pour une option sal\u00e9e.<\/li>\n<\/ul>\n<p>Ces variations permettent d\u2019adapter ce dessert aux go\u00fbts vari\u00e9s des convives.<\/p>\n<h2>FAQ sur le Far Breton<\/h2>\n<h3>Quelle est l\u2019origine du far breton ?<\/h3>\n<p>Le far breton trouve ses racines en Bretagne o\u00f9 il \u00e9tait traditionnellement pr\u00e9par\u00e9 avec des ingr\u00e9dients locaux comme le lait et les \u0153ufs.<\/p>\n<h3>Peut-on pr\u00e9parer le far breton sans gluten ?<\/h3>\n<p>Oui, vous pouvez substituer la farine par des m\u00e9langes sans gluten adapt\u00e9s \u00e0 la p\u00e2tisserie.<\/p>\n<h3>Combien de temps peut-on conserver un far breton ?<\/h3>\n<p>Il se conserve environ une semaine au r\u00e9frig\u00e9rateur dans un contenant herm\u00e9tique.<\/p>\n<h3>Quels fruits peut-on utiliser dans le far breton ?<\/h3>\n<p>Les pruneaux sont traditionnels, mais vous pouvez utiliser des raisins secs, des abricots secs ou m\u00eame des pommes.<\/p>\n<h3>Est-il possible de congeler le far breton ?<\/h3>\n<p>Oui, vous pouvez congeler le far breton coup\u00e9 en portions. Assurez-vous de bien l\u2019emballer pour \u00e9viter les br\u00fblures de cong\u00e9lation.<\/p>\n<h3>Quelle boisson accompagne bien le far breton ?<\/h3>\n<p>Un cidre doux ou un verre de lait sont souvent recommand\u00e9s pour accompagner ce dessert traditionnel.<\/p>\n<p>Pr\u00eat \u00e0 essayer cette recette ? N\u2019h\u00e9sitez pas \u00e0 partager vos retours d\u2019exp\u00e9rience apr\u00e8s avoir pr\u00e9par\u00e9 votre propre far breton !<\/p>\n<hr>\n<div class=\"articles-lies\">\n<h3>\u00c0 lire aussi<\/h3>\n<ul>\n<li><a href=\"https:\/\/relais-farfadets.net\/blog\/articles\/cafe-frappe\/\">Caf\u00e9 Frapp\u00e9 : Recette Rafra\u00eechissante 2026<\/a><\/li>\n<li><a href=\"https:\/\/relais-farfadets.net\/blog\/articles\/cepes-dordogne\/\">C\u00e8pes Dordogne : Guide cueillette 2026<\/a><\/li>\n<li><a href=\"https:\/\/relais-farfadets.net\/blog\/articles\/poulet-au-four\/\">Poulet au Four : Recette Saine et Di\u00e9t\u00e9tique<\/a><\/li>\n<li><a href=\"https:\/\/relais-farfadets.net\/blog\/articles\/compote-kaki-bebe\/\">Compote kaki b\u00e9b\u00e9 : Recette et Conseils Sant\u00e9<\/a><\/li>\n<\/ul>\n<\/div>\n","protected":false},"excerpt":{"rendered":"","protected":false},"author":34,"featured_media":7822,"comment_status":"open","ping_status":"open","sticky":false,"template":"","format":"standard","meta":{"_acf_changed":false,"manual_indexmenow":false,"indexmenow_id_project":0,"footnotes":""},"categories":[4685],"tags":[],"class_list":["post-7761","post","type-post","status-publish","format-standard","has-post-thumbnail","hentry","category-articles","generate-columns","tablet-grid-50","mobile-grid-100","grid-parent","grid-25"],"acf":[],"yoast_head":"<!-- This site is optimized with the Yoast SEO Premium plugin v21.3 (Yoast SEO v26.5) - https:\/\/yoast.com\/wordpress\/plugins\/seo\/ -->\n<title>Far Breton Authentique : Recette Traditionnelle<\/title>\n<meta name=\"description\" content=\"Le far breton, dessert traditionnel de Bretagne, s\u00e9duit par sa texture moelleuse. D\u00e9couvrez la recette authentique pour le r\u00e9ussir comme l\u00e0-bas.\" \/>\n<meta name=\"robots\" content=\"index, follow, max-snippet:-1, max-image-preview:large, max-video-preview:-1\" \/>\n<link rel=\"canonical\" href=\"https:\/\/relais-farfadets.net\/blog\/articles\/far-breton\/\" \/>\n<meta property=\"og:locale\" content=\"fr_FR\" \/>\n<meta property=\"og:type\" content=\"article\" \/>\n<meta property=\"og:title\" content=\"Far Breton Authentique : Recette Traditionnelle\" \/>\n<meta property=\"og:description\" content=\"Le far breton, dessert traditionnel de Bretagne, s\u00e9duit par sa texture moelleuse. D\u00e9couvrez la recette authentique pour le r\u00e9ussir comme l\u00e0-bas.\" \/>\n<meta property=\"og:url\" content=\"https:\/\/relais-farfadets.net\/blog\/articles\/far-breton\/\" \/>\n<meta property=\"og:site_name\" content=\"relais-farfadets\" \/>\n<meta property=\"og:image\" content=\"https:\/\/relais-farfadets.net\/blog\/wp-content\/uploads\/2026\/05\/sdxl-c0aabd22b5ce94d9f5944ca072ef2d13-scaled.png\" \/>\n\t<meta property=\"og:image:width\" content=\"1200\" \/>\n\t<meta property=\"og:image:height\" content=\"500\" \/>\n\t<meta property=\"og:image:type\" content=\"image\/png\" \/>\n<meta name=\"author\" content=\"Camille Rouvray\" \/>\n<meta name=\"twitter:card\" content=\"summary_large_image\" \/>\n<script type=\"application\/ld+json\" class=\"yoast-schema-graph\">{\"@context\":\"https:\/\/schema.org\",\"@graph\":[{\"@type\":\"NewsArticle\",\"@id\":\"https:\/\/relais-farfadets.net\/blog\/articles\/far-breton\/#article\",\"isPartOf\":{\"@id\":\"https:\/\/relais-farfadets.net\/blog\/articles\/far-breton\/\"},\"author\":{\"name\":\"Camille Rouvray\",\"@id\":\"https:\/\/relais-farfadets.net\/blog\/#\/schema\/person\/3c864cdc320801e3db34b663e7e3f816\"},\"headline\":\"Far Breton Authentique : Recette Traditionnelle\",\"datePublished\":\"2026-04-10T09:00:00+00:00\",\"dateModified\":\"2026-07-01T09:08:44+00:00\",\"mainEntityOfPage\":{\"@id\":\"https:\/\/relais-farfadets.net\/blog\/articles\/far-breton\/\"},\"wordCount\":757,\"commentCount\":0,\"publisher\":{\"@id\":\"https:\/\/relais-farfadets.net\/blog\/#organization\"},\"image\":{\"@id\":\"https:\/\/relais-farfadets.net\/blog\/articles\/far-breton\/#primaryimage\"},\"thumbnailUrl\":\"https:\/\/relais-farfadets.net\/blog\/wp-content\/uploads\/2026\/05\/sdxl-c0aabd22b5ce94d9f5944ca072ef2d13-scaled.png\",\"articleSection\":[\"Articles\"],\"inLanguage\":\"fr-FR\",\"potentialAction\":[{\"@type\":\"CommentAction\",\"name\":\"Comment\",\"target\":[\"https:\/\/relais-farfadets.net\/blog\/articles\/far-breton\/#respond\"]}]},{\"@type\":\"WebPage\",\"@id\":\"https:\/\/relais-farfadets.net\/blog\/articles\/far-breton\/\",\"url\":\"https:\/\/relais-farfadets.net\/blog\/articles\/far-breton\/\",\"name\":\"Far Breton Authentique : Recette Traditionnelle\",\"isPartOf\":{\"@id\":\"https:\/\/relais-farfadets.net\/blog\/#website\"},\"primaryImageOfPage\":{\"@id\":\"https:\/\/relais-farfadets.net\/blog\/articles\/far-breton\/#primaryimage\"},\"image\":{\"@id\":\"https:\/\/relais-farfadets.net\/blog\/articles\/far-breton\/#primaryimage\"},\"thumbnailUrl\":\"https:\/\/relais-farfadets.net\/blog\/wp-content\/uploads\/2026\/05\/sdxl-c0aabd22b5ce94d9f5944ca072ef2d13-scaled.png\",\"datePublished\":\"2026-04-10T09:00:00+00:00\",\"dateModified\":\"2026-07-01T09:08:44+00:00\",\"description\":\"Le far breton, dessert traditionnel de Bretagne, s\u00e9duit par sa texture moelleuse. D\u00e9couvrez la recette authentique pour le r\u00e9ussir comme l\u00e0-bas.\",\"inLanguage\":\"fr-FR\",\"potentialAction\":[{\"@type\":\"ReadAction\",\"target\":[\"https:\/\/relais-farfadets.net\/blog\/articles\/far-breton\/\"]}]},{\"@type\":\"ImageObject\",\"inLanguage\":\"fr-FR\",\"@id\":\"https:\/\/relais-farfadets.net\/blog\/articles\/far-breton\/#primaryimage\",\"url\":\"https:\/\/relais-farfadets.net\/blog\/wp-content\/uploads\/2026\/05\/sdxl-c0aabd22b5ce94d9f5944ca072ef2d13-scaled.png\",\"contentUrl\":\"https:\/\/relais-farfadets.net\/blog\/wp-content\/uploads\/2026\/05\/sdxl-c0aabd22b5ce94d9f5944ca072ef2d13-scaled.png\",\"width\":1200,\"height\":500},{\"@type\":\"WebSite\",\"@id\":\"https:\/\/relais-farfadets.net\/blog\/#website\",\"url\":\"https:\/\/relais-farfadets.net\/blog\/\",\"name\":\"Relais Farfadets\",\"description\":\"Relais Farfadets, l&#039;univers magique pour toute la famille\",\"publisher\":{\"@id\":\"https:\/\/relais-farfadets.net\/blog\/#organization\"},\"alternateName\":\"Relais Farfadets, l'univers magique pour toute la famille\",\"potentialAction\":[{\"@type\":\"SearchAction\",\"target\":{\"@type\":\"EntryPoint\",\"urlTemplate\":\"https:\/\/relais-farfadets.net\/blog\/?s={search_term_string}\"},\"query-input\":{\"@type\":\"PropertyValueSpecification\",\"valueRequired\":true,\"valueName\":\"search_term_string\"}}],\"inLanguage\":\"fr-FR\"},{\"@type\":\"Organization\",\"@id\":\"https:\/\/relais-farfadets.net\/blog\/#organization\",\"name\":\"Relais Farfadets\",\"alternateName\":\"Relais-Farfadets.net\",\"url\":\"https:\/\/relais-farfadets.net\/blog\/\",\"logo\":{\"@type\":\"ImageObject\",\"inLanguage\":\"fr-FR\",\"@id\":\"https:\/\/relais-farfadets.net\/blog\/#\/schema\/logo\/image\/\",\"url\":\"https:\/\/relais-farfadets.net\/blog\/wp-content\/uploads\/2024\/12\/5.png\",\"contentUrl\":\"https:\/\/relais-farfadets.net\/blog\/wp-content\/uploads\/2024\/12\/5.png\",\"width\":500,\"height\":500,\"caption\":\"Relais Farfadets\"},\"image\":{\"@id\":\"https:\/\/relais-farfadets.net\/blog\/#\/schema\/logo\/image\/\"}},{\"@type\":\"Person\",\"@id\":\"https:\/\/relais-farfadets.net\/blog\/#\/schema\/person\/3c864cdc320801e3db34b663e7e3f816\",\"name\":\"Camille Rouvray\",\"image\":{\"@type\":\"ImageObject\",\"inLanguage\":\"fr-FR\",\"@id\":\"https:\/\/relais-farfadets.net\/blog\/#\/schema\/person\/image\/\",\"url\":\"https:\/\/relais-farfadets.net\/blog\/wp-content\/uploads\/2026\/06\/up_camille-r-96x96.jpg\",\"contentUrl\":\"https:\/\/relais-farfadets.net\/blog\/wp-content\/uploads\/2026\/06\/up_camille-r-96x96.jpg\",\"caption\":\"Camille Rouvray\"},\"description\":\"Je voyage et j'\u00e9cris sur le voyage depuis une douzaine d'ann\u00e9es, d'abord en tant que routarde au long cours, puis comme r\u00e9dactrice sp\u00e9cialis\u00e9e. Mon terrain de pr\u00e9dilection, ce sont les circuits organis\u00e9s et l'art de bien pr\u00e9parer un itin\u00e9raire : choix de la saison, dur\u00e9e r\u00e9aliste des \u00e9tapes, budget jour par jour, logement et transport sur place. J'aime aussi raconter les p\u00e9pites urbaines, ces adresses qu'on ne trouve pas dans les guides classiques. Avant de publier un dossier destination, je croise toujours plusieurs sources, je v\u00e9rifie les tarifs et les formalit\u00e9s d'entr\u00e9e \u00e0 jour, et je teste moi-m\u00eame quand je le peux. Mon angle reste pratique avant tout : aider le lecteur \u00e0 partir l'esprit tranquille, sans mauvaise surprise une fois sur place. Je m'attache \u00e0 distinguer le coup de c\u0153ur sinc\u00e8re du simple argument marketing.\",\"sameAs\":[\"https:\/\/camillerouvray.fr\/\"],\"url\":\"https:\/\/relais-farfadets.net\/blog\/auteur\/noname\/\"}]}<\/script>\n<!-- \/ Yoast SEO Premium plugin. -->","yoast_head_json":{"title":"Far Breton Authentique : Recette Traditionnelle","description":"Le far breton, dessert traditionnel de Bretagne, s\u00e9duit par sa texture moelleuse. D\u00e9couvrez la recette authentique pour le r\u00e9ussir comme l\u00e0-bas.","robots":{"index":"index","follow":"follow","max-snippet":"max-snippet:-1","max-image-preview":"max-image-preview:large","max-video-preview":"max-video-preview:-1"},"canonical":"https:\/\/relais-farfadets.net\/blog\/articles\/far-breton\/","og_locale":"fr_FR","og_type":"article","og_title":"Far Breton Authentique : Recette Traditionnelle","og_description":"Le far breton, dessert traditionnel de Bretagne, s\u00e9duit par sa texture moelleuse. D\u00e9couvrez la recette authentique pour le r\u00e9ussir comme l\u00e0-bas.","og_url":"https:\/\/relais-farfadets.net\/blog\/articles\/far-breton\/","og_site_name":"relais-farfadets","og_image":[{"width":1200,"height":500,"url":"https:\/\/relais-farfadets.net\/blog\/wp-content\/uploads\/2026\/05\/sdxl-c0aabd22b5ce94d9f5944ca072ef2d13-scaled.png","type":"image\/png"}],"author":"Camille Rouvray","twitter_card":"summary_large_image","schema":{"@context":"https:\/\/schema.org","@graph":[{"@type":"NewsArticle","@id":"https:\/\/relais-farfadets.net\/blog\/articles\/far-breton\/#article","isPartOf":{"@id":"https:\/\/relais-farfadets.net\/blog\/articles\/far-breton\/"},"author":{"name":"Camille Rouvray","@id":"https:\/\/relais-farfadets.net\/blog\/#\/schema\/person\/3c864cdc320801e3db34b663e7e3f816"},"headline":"Far Breton Authentique : Recette Traditionnelle","datePublished":"2026-04-10T09:00:00+00:00","dateModified":"2026-07-01T09:08:44+00:00","mainEntityOfPage":{"@id":"https:\/\/relais-farfadets.net\/blog\/articles\/far-breton\/"},"wordCount":757,"commentCount":0,"publisher":{"@id":"https:\/\/relais-farfadets.net\/blog\/#organization"},"image":{"@id":"https:\/\/relais-farfadets.net\/blog\/articles\/far-breton\/#primaryimage"},"thumbnailUrl":"https:\/\/relais-farfadets.net\/blog\/wp-content\/uploads\/2026\/05\/sdxl-c0aabd22b5ce94d9f5944ca072ef2d13-scaled.png","articleSection":["Articles"],"inLanguage":"fr-FR","potentialAction":[{"@type":"CommentAction","name":"Comment","target":["https:\/\/relais-farfadets.net\/blog\/articles\/far-breton\/#respond"]}]},{"@type":"WebPage","@id":"https:\/\/relais-farfadets.net\/blog\/articles\/far-breton\/","url":"https:\/\/relais-farfadets.net\/blog\/articles\/far-breton\/","name":"Far Breton Authentique : Recette Traditionnelle","isPartOf":{"@id":"https:\/\/relais-farfadets.net\/blog\/#website"},"primaryImageOfPage":{"@id":"https:\/\/relais-farfadets.net\/blog\/articles\/far-breton\/#primaryimage"},"image":{"@id":"https:\/\/relais-farfadets.net\/blog\/articles\/far-breton\/#primaryimage"},"thumbnailUrl":"https:\/\/relais-farfadets.net\/blog\/wp-content\/uploads\/2026\/05\/sdxl-c0aabd22b5ce94d9f5944ca072ef2d13-scaled.png","datePublished":"2026-04-10T09:00:00+00:00","dateModified":"2026-07-01T09:08:44+00:00","description":"Le far breton, dessert traditionnel de Bretagne, s\u00e9duit par sa texture moelleuse. D\u00e9couvrez la recette authentique pour le r\u00e9ussir comme l\u00e0-bas.","inLanguage":"fr-FR","potentialAction":[{"@type":"ReadAction","target":["https:\/\/relais-farfadets.net\/blog\/articles\/far-breton\/"]}]},{"@type":"ImageObject","inLanguage":"fr-FR","@id":"https:\/\/relais-farfadets.net\/blog\/articles\/far-breton\/#primaryimage","url":"https:\/\/relais-farfadets.net\/blog\/wp-content\/uploads\/2026\/05\/sdxl-c0aabd22b5ce94d9f5944ca072ef2d13-scaled.png","contentUrl":"https:\/\/relais-farfadets.net\/blog\/wp-content\/uploads\/2026\/05\/sdxl-c0aabd22b5ce94d9f5944ca072ef2d13-scaled.png","width":1200,"height":500},{"@type":"WebSite","@id":"https:\/\/relais-farfadets.net\/blog\/#website","url":"https:\/\/relais-farfadets.net\/blog\/","name":"Relais Farfadets","description":"Relais Farfadets, l&#039;univers magique pour toute la famille","publisher":{"@id":"https:\/\/relais-farfadets.net\/blog\/#organization"},"alternateName":"Relais Farfadets, l'univers magique pour toute la famille","potentialAction":[{"@type":"SearchAction","target":{"@type":"EntryPoint","urlTemplate":"https:\/\/relais-farfadets.net\/blog\/?s={search_term_string}"},"query-input":{"@type":"PropertyValueSpecification","valueRequired":true,"valueName":"search_term_string"}}],"inLanguage":"fr-FR"},{"@type":"Organization","@id":"https:\/\/relais-farfadets.net\/blog\/#organization","name":"Relais Farfadets","alternateName":"Relais-Farfadets.net","url":"https:\/\/relais-farfadets.net\/blog\/","logo":{"@type":"ImageObject","inLanguage":"fr-FR","@id":"https:\/\/relais-farfadets.net\/blog\/#\/schema\/logo\/image\/","url":"https:\/\/relais-farfadets.net\/blog\/wp-content\/uploads\/2024\/12\/5.png","contentUrl":"https:\/\/relais-farfadets.net\/blog\/wp-content\/uploads\/2024\/12\/5.png","width":500,"height":500,"caption":"Relais Farfadets"},"image":{"@id":"https:\/\/relais-farfadets.net\/blog\/#\/schema\/logo\/image\/"}},{"@type":"Person","@id":"https:\/\/relais-farfadets.net\/blog\/#\/schema\/person\/3c864cdc320801e3db34b663e7e3f816","name":"Camille Rouvray","image":{"@type":"ImageObject","inLanguage":"fr-FR","@id":"https:\/\/relais-farfadets.net\/blog\/#\/schema\/person\/image\/","url":"https:\/\/relais-farfadets.net\/blog\/wp-content\/uploads\/2026\/06\/up_camille-r-96x96.jpg","contentUrl":"https:\/\/relais-farfadets.net\/blog\/wp-content\/uploads\/2026\/06\/up_camille-r-96x96.jpg","caption":"Camille Rouvray"},"description":"Je voyage et j'\u00e9cris sur le voyage depuis une douzaine d'ann\u00e9es, d'abord en tant que routarde au long cours, puis comme r\u00e9dactrice sp\u00e9cialis\u00e9e. Mon terrain de pr\u00e9dilection, ce sont les circuits organis\u00e9s et l'art de bien pr\u00e9parer un itin\u00e9raire : choix de la saison, dur\u00e9e r\u00e9aliste des \u00e9tapes, budget jour par jour, logement et transport sur place. J'aime aussi raconter les p\u00e9pites urbaines, ces adresses qu'on ne trouve pas dans les guides classiques. Avant de publier un dossier destination, je croise toujours plusieurs sources, je v\u00e9rifie les tarifs et les formalit\u00e9s d'entr\u00e9e \u00e0 jour, et je teste moi-m\u00eame quand je le peux. Mon angle reste pratique avant tout : aider le lecteur \u00e0 partir l'esprit tranquille, sans mauvaise surprise une fois sur place. Je m'attache \u00e0 distinguer le coup de c\u0153ur sinc\u00e8re du simple argument marketing.","sameAs":["https:\/\/camillerouvray.fr\/"],"url":"https:\/\/relais-farfadets.net\/blog\/auteur\/noname\/"}]}},"_links":{"self":[{"href":"https:\/\/relais-farfadets.net\/blog\/wp-json\/wp\/v2\/posts\/7761","targetHints":{"allow":["GET"]}}],"collection":[{"href":"https:\/\/relais-farfadets.net\/blog\/wp-json\/wp\/v2\/posts"}],"about":[{"href":"https:\/\/relais-farfadets.net\/blog\/wp-json\/wp\/v2\/types\/post"}],"author":[{"embeddable":true,"href":"https:\/\/relais-farfadets.net\/blog\/wp-json\/wp\/v2\/users\/34"}],"replies":[{"embeddable":true,"href":"https:\/\/relais-farfadets.net\/blog\/wp-json\/wp\/v2\/comments?post=7761"}],"version-history":[{"count":1,"href":"https:\/\/relais-farfadets.net\/blog\/wp-json\/wp\/v2\/posts\/7761\/revisions"}],"predecessor-version":[{"id":7937,"href":"https:\/\/relais-farfadets.net\/blog\/wp-json\/wp\/v2\/posts\/7761\/revisions\/7937"}],"wp:featuredmedia":[{"embeddable":true,"href":"https:\/\/relais-farfadets.net\/blog\/wp-json\/wp\/v2\/media\/7822"}],"wp:attachment":[{"href":"https:\/\/relais-farfadets.net\/blog\/wp-json\/wp\/v2\/media?parent=7761"}],"wp:term":[{"taxonomy":"category","embeddable":true,"href":"https:\/\/relais-farfadets.net\/blog\/wp-json\/wp\/v2\/categories?post=7761"},{"taxonomy":"post_tag","embeddable":true,"href":"https:\/\/relais-farfadets.net\/blog\/wp-json\/wp\/v2\/tags?post=7761"}],"curies":[{"name":"wp","href":"https:\/\/api.w.org\/{rel}","templated":true}]}}