{"id":7683,"date":"2026-02-05T09:26:00","date_gmt":"2026-02-05T08:26:00","guid":{"rendered":"https:\/\/relais-farfadets.net\/blog\/?p=7683"},"modified":"2026-07-01T11:07:34","modified_gmt":"2026-07-01T09:07:34","slug":"week-end-en-foret-noire-decouvrez-ses-paysages-et-ses-randonnees-incontournables","status":"publish","type":"post","link":"https:\/\/relais-farfadets.net\/blog\/destinations-et-voyages-authentiques\/week-end-en-foret-noire-decouvrez-ses-paysages-et-ses-randonnees-incontournables\/","title":{"rendered":"Week-end en For\u00eat Noire : d\u00e9couvrez ses paysages et ses randonn\u00e9es incontournables"},"content":{"rendered":"<h1>Week-end en For\u00eat Noire &#8211; Guide Ultime pour une \u00c9vasion Nature Inoubliable<\/h1>\n<h2>Pourquoi Choisir la For\u00eat Noire pour Votre Week-end ?<\/h2>\n<p>La <strong>For\u00eat Noire<\/strong> s\u00e9duit par son m\u00e9lange unique de for\u00eats mystiques et de vues \u00e0 couper le souffle, parfait pour un <strong>week-end For\u00eat Noire<\/strong> d\u00e9paysant. Nous appr\u00e9cions particuli\u00e8rement ses <strong>for\u00eats denses<\/strong> qui couvrent <u>6 000 km?<\/u>, abritant une faune riche, et ses sommets comme le <strong>Feldberg<\/strong> \u00e0 <strong>1 493 m<\/strong>, offrant des panoramas sur les <strong>Alpes<\/strong> jusqu&rsquo;\u00e0 <strong>100 km<\/strong> par temps clair. En 2024, <u>40 000 Fran\u00e7ais<\/u>, dont <u>90 % d&rsquo;Alsaciens<\/u>, ont visit\u00e9 ce toit de la r\u00e9gion, confirmant son attractivit\u00e9 transfrontali\u00e8re.<\/p>\n<p>Compar\u00e9e \u00e0 d&rsquo;autres destinations <strong>nature<\/strong>, elle excelle par sa biodiversit\u00e9 sup\u00e9rieure et ses infrastructures familiales. Les zones cl\u00e9s, de <strong>Fribourg-en-Brisgau<\/strong> \u00e0 <strong>Baden-Baden<\/strong>, concentrent <u>22 millions de nuit\u00e9es en 2017<\/u>, un record pulv\u00e9ris\u00e9 annuellement, avec une dur\u00e9e moyenne de s\u00e9jour de <u>2,6 jours<\/u>. Nous voyons dans cette hausse de <u>15 % des courts s\u00e9jours en 2025<\/u> une opportunit\u00e9 id\u00e9ale pour vous, voyageurs press\u00e9s cherchant authenticit\u00e9 et bien-\u00eatre.<\/p>\n<ul>\n<li><strong>Titisee<\/strong> : Lac embl\u00e9matique pour p\u00e9dalos et plages, <u>1,3 million de visiteurs annuels<\/u>.<\/li>\n<li><strong>Feldberg<\/strong> : Sommet vedette avec t\u00e9l\u00e9ph\u00e9rique, vues 360? sur les Alpes.<\/li>\n<li><strong>Triberg<\/strong> : Cascades et horloges coucou, entr\u00e9e vers les gorges sauvages.<\/li>\n<li><strong>Fribourg<\/strong>, <strong>Bade-Wurtemberg<\/strong> : Portes d&rsquo;acc\u00e8s avec march\u00e9s anim\u00e9s.<\/li>\n<li><strong>Baden-Baden<\/strong> : Thermes luxueux pour une touche d\u00e9tente.<\/li>\n<\/ul>\n<h2>Les Incontournables \u00e0 Visiter en For\u00eat Noire<\/h2>\n<p>Pour un <strong>week-end For\u00eat Noire<\/strong> optimis\u00e9, nous recommandons un itin\u00e9raire en 48 heures couvrant <u>70 km par jour en voiture<\/u>, reliant huit sites phares. Commencez par le <strong>Lac Titisee<\/strong>, <strong>2 km de long<\/strong>, o\u00f9 une balade de <u>1h30<\/u> longe plages et p\u00e9dalos, attirant des foules estivales. Poursuivez aux <strong>Cascades de Triberg<\/strong>, <u>163 m de haut, les plus \u00e9lev\u00e9es d&rsquo;Allemagne<\/u>, ouvertes de <strong>9h \u00e0 18h<\/strong>, avec <u>2 108 avis 4,5\/5 sur TripAdvisor<\/u> et <u>500 000 visiteurs estim\u00e9s en 2025<\/u>.<\/p>\n<p>Le <strong>Feldberg<\/strong> offre un t\u00e9l\u00e9ph\u00e9rique vers son sommet, vue 360?, tandis que la <strong>Blackforestline<\/strong> impressionne par son pont suspendu de <u>450 m de long, 120 m de haut<\/u> \u00e0 <strong>12 \u20ac adulte<\/strong>. Les <strong>Gorges de Ravenna<\/strong> invitent \u00e0 une randonn\u00e9e de <u>2 heures<\/u> sous un viaduc historique, et le <strong>Baumwipfelpfad<\/strong>, sentier des cimes de <u>1 250 m<\/u> avec tour de <strong>40 m<\/strong>, enchante petits et grands. Terminez au <strong>Schluchsee<\/strong> pour baignade familiale et aux ruines du <strong>Ch\u00e2teau de Hohenbaden<\/strong> dominant le <strong>Rhin<\/strong>.<\/p>\n<ul>\n<li><strong>Lac Titisee<\/strong> : P\u00e9dalos, plages, balade <u>1h30<\/u>.<\/li>\n<li><strong>Cascades Triberg<\/strong> : <u>163 m<\/u>, <strong>9h-18h<\/strong>, <u>500 000 visiteurs 2025<\/u>.<\/li>\n<li><strong>Feldberg<\/strong> : T\u00e9l\u00e9ph\u00e9rique, vue Alpes.<\/li>\n<li><strong>Blackforestline<\/strong> : Pont <u>450 m, 12 \u20ac<\/u>.<\/li>\n<li><strong>Gorges Ravenna<\/strong> : Randonn\u00e9e <u>2h<\/u>.<\/li>\n<li><strong>Baumwipfelpfad<\/strong> : Cimes <u>1 250 m<\/u>.<\/li>\n<li><strong>Schluchsee<\/strong> : Baignade famille.<\/li>\n<li><strong>Ch\u00e2teau Hohenbaden<\/strong> : Ruines, vue Rhin.<\/li>\n<\/ul>\n<h2>O\u00f9 S\u00e9journer ? Meilleurs H\u00f4tels et Options d&rsquo;H\u00e9bergement<\/h2>\n<p>Nous s\u00e9lectionnons six h\u00e9bergements taill\u00e9s pour votre <strong>week-end For\u00eat Noire<\/strong>, priorisant notes sup\u00e9rieures \u00e0 <u>4,5\/5<\/u>, proximit\u00e9 des incontournables et engagement \u00e9co comme <u>80 % d&rsquo;\u00e9nergie verte<\/u>. L&rsquo;<strong>H\u00f4tel am Titisee<\/strong>, 4 \u00e9toiles avec <strong>vue lac Titisee<\/strong>, propose chambres familiales \u00e0 <u>150 \u20ac\/nuit<\/u>, piscine et spa. L&rsquo;<strong>Auberge Feldberg<\/strong> offre un cadre rustique, randonn\u00e9es directes depuis la porte, id\u00e9al pour amoureux de <strong>nature<\/strong>.<\/p>\n<p>Pour le luxe, le spa de <strong>Baden-Baden<\/strong> chez <strong>Caracalla Therme<\/strong> atteint <u>200 \u20ac\/nuit<\/u> avec thermes romains. \u00c0 <strong>Triberg<\/strong>, le <strong>Chalet Triberg<\/strong> th\u00e9matis\u00e9 coucou co\u00fbte <u>120 \u20ac<\/u>, tandis que le glamping au <strong>Schluchsee<\/strong> immerge en pleine for\u00eat. En <strong>Fribourg<\/strong>, Airbnb centre-ville \u00e0 <u>100 \u20ac<\/u> facilite l&rsquo;acc\u00e8s. Parmi nos insolites : <strong>Marktscheune B\u00e4rental<\/strong>, grange r\u00e9nov\u00e9e, cabanes arbres pr\u00e8s <strong>Feldberg<\/strong>.<\/p>\n<ul>\n<li><strong>H\u00f4tel am Titisee<\/strong> : 4*, <u>150 \u20ac famille, vue lac<\/u>.<\/li>\n<li><strong>Auberge Feldberg<\/strong> : Rustique, randonn\u00e9es.<\/li>\n<li><strong>Caracalla Therme Baden-Baden<\/strong> : Luxe <u>200 \u20ac<\/u>.<\/li>\n<li><strong>Chalet Triberg<\/strong> : Coucou-th\u00e8me <u>120 \u20ac<\/u>.<\/li>\n<li><strong>Glamping Schluchsee<\/strong> : Immersif nature.<\/li>\n<li><strong>Airbnb Fribourg<\/strong> : Centre <u>100 \u20ac<\/u>.<\/li>\n<\/ul>\n<h2>Activit\u00e9s pour Toute la Famille<\/h2>\n<p>Nous structurons dix activit\u00e9s par \u00e2ge pour un planning familial sur deux jours, avec <u>70 % des familles optant pour Titisee<\/u>. D\u00e9butez par la randonn\u00e9e facile des <strong>Gorges Wutach<\/strong>, <u>13 km, 5h<\/u>, surnomm\u00e9e <strong>Grand Canyon<\/strong> de la <strong>For\u00eat Noire<\/strong>. L&rsquo;<strong>Europa-Park<\/strong> \u00e0 <strong>Rust<\/strong>, <u>6 millions de visiteurs\/an<\/u>, propose <strong>50 attractions<\/strong> dont <u>+10 montagnes russes<\/u>. La luge d&rsquo;\u00e9t\u00e9 au <strong>Feldberg<\/strong> et le <strong>Baumwipfelpfad<\/strong> avec toboggans ravissent les 5-12 ans.<\/p>\n<p>Les <strong>Fermes Vogtsbauernhof<\/strong>, mus\u00e9e en plein air du XVIIe si\u00e8cle, recr\u00e9ent la vie rurale ; p\u00e9dalos au <strong>Titisee<\/strong> et grottes <strong>Erdmannsh\u00f6hle<\/strong> avec stalactites l\u00e9gendaires conviennent aux ados. Ajoutez station luge <strong>Freudenstadt<\/strong>, observatoire <strong>Feldberg<\/strong> et march\u00e9s No?l <strong>Ravenna Gorge<\/strong> en d\u00e9cembre. Difficult\u00e9 gradu\u00e9e : facile pour petits, mod\u00e9r\u00e9e pour tous.<\/p>\n<ul>\n<li><strong>Gorges Wutach<\/strong> : <u>13 km, 5h<\/u>, familles actives.<\/li>\n<li><strong>Europa-Park Rust<\/strong> : <u>6M visiteurs, 50 attractions<\/u>.<\/li>\n<li><strong>Luge Feldberg<\/strong> : \u00c9t\u00e9\/hiver enfants.<\/li>\n<li><strong>Baumwipfelpfad<\/strong> : Toboggans cimes.<\/li>\n<li><strong>Vogtsbauernhof<\/strong> : Mus\u00e9e rural XVIIe.<\/li>\n<li><strong>P\u00e9dalo Titisee<\/strong> : Relax famille.<\/li>\n<li><strong>Grottes Erdmannsh\u00f6hle<\/strong> : Stalactites.<\/li>\n<li><strong>Luge Freudenstadt<\/strong> : Adr\u00e9naline.<\/li>\n<li><strong>Observatoire Feldberg<\/strong> : \u00c9toiles.<\/li>\n<li><strong>March\u00e9s No?l Ravenna<\/strong> : D\u00e9cembre magique.<\/li>\n<\/ul>\n<h2>D\u00e9gustation des Sp\u00e9cialit\u00e9s Locales<\/h2>\n<p>La gastronomie de la <strong>For\u00eat Noire<\/strong> \u00e9veille les papilles avec son h\u00e9ritage culinaire, boost\u00e9 par <u>+25 % de ventes touristiques en 2025<\/u>. Nous adorons le mythique <strong>g\u00e2teau For\u00eat Noire<\/strong>, invent\u00e9 en <strong>1915<\/strong> \u00e0 <strong>Triberg<\/strong> par <strong>Josef Keller<\/strong> du Caf\u00e9 Agner, m\u00ealant chocolat, cerises et kirsch. Le gibier comme chevreuil \u00e0 <strong>Baden-Baden<\/strong> chez <strong>Restaurant Baden<\/strong> (4,7\/5) incarne la chasse durable.<\/p>\n<p>La bi\u00e8re de <strong>Freudenstadt<\/strong> brass\u00e9e sur la <strong>Marktplatz<\/strong>, fromages fermiers des <strong>Vogtsbauernhof<\/strong>, <strong>Schwartzw\u00e4lder Kirschtorte<\/strong> au <strong>Titisee<\/strong>, soupe aux lentilles pour randonneurs et vins des vignobles <strong>Baden<\/strong> avec vue <strong>Feldberg<\/strong> compl\u00e8tent le tableau. Trois \u00e9toiles Michelin : <strong>Schwarzwaldstube Baiersbronn<\/strong> pour gibier innovant. Recette simple g\u00e2teau : m\u00e9langez <u>200g chocolat, 500g cerises<\/u>, au Caf\u00e9 Triberg pour <u>10 \u20ac portion<\/u>.<\/p>\n<ul>\n<li><strong>G\u00e2teau For\u00eat Noire<\/strong> : <strong>1915 Triberg<\/strong>, <u>chocolat-cerises<\/u>.<\/li>\n<li><strong>Gibier chevreuil<\/strong> : <strong>Baden-Baden<\/strong>.<\/li>\n<li><strong>Bi\u00e8res Freudenstadt<\/strong> : Marktplatz.<\/li>\n<li><strong>Fromages Vogtsbauernhof<\/strong> : Fermiers.<\/li>\n<li><strong>Kirschtorte Titisee<\/strong> : Kirsch\u00e9e.<\/li>\n<li><strong>Soupe lentilles<\/strong> : Randonneurs.<\/li>\n<li><strong>Vin Baden<\/strong> : Vignobles Feldberg.<\/li>\n<\/ul>\n<h2>Conseils Pratiques pour un Week-end R\u00e9ussi<\/h2>\n<p>Pour maximiser votre <strong>week-end For\u00eat Noire<\/strong>, visez mai-octobre, \u00e9vitant les foules d&rsquo;ao\u00fbt. Acc\u00e9dez via <strong>A5<\/strong> en voiture ou train <strong>Fribourg-Titisee<\/strong> en <u>1 heure<\/u> ; budget <u>300 \u20ac\/personne pour 2 jours<\/u>. Utilisez l&rsquo;app m\u00e9t\u00e9o <strong>Feldberg<\/strong>, pass randonn\u00e9e <u>20 \u20ac\/semaine<\/u>, parkings gratuits <strong>Titisee<\/strong>.<\/p>\n<p>En hiver, <strong>Triberg<\/strong> partiel ; louez van \u00e0 <strong>Freiburg<\/strong>, souscrivez assurance nature. WiFi aux spots touristiques, empruntez <strong>Schwarzwaldhochstrasse<\/strong> (<u>60 km vues<\/u>), fuyez weekends No?l \u00e0 Triberg bond\u00e9. Avec <u>+10 % trafic routier 2025<\/u>, planifiez t\u00f4t.<\/p>\n<ul>\n<li>Timing : <u>Mai-oct, \u00e9viter ao\u00fbt<\/u>.<\/li>\n<li>Transport : <strong>A5<\/strong>, trains <u>1h<\/u>.<\/li>\n<li>Budget : <u>300 \u20ac\/pers 2j<\/u>.<\/li>\n<li>App : M\u00e9t\u00e9o <strong>Feldberg<\/strong>.<\/li>\n<li>Pass : Randonn\u00e9e <u>20 \u20ac<\/u>.<\/li>\n<li>Parkings : Gratuits <strong>Titisee<\/strong>.<\/li>\n<li>Hiver : <strong>Triberg<\/strong> partiel.<\/li>\n<li>Van : <strong>Freiburg<\/strong>.<\/li>\n<li>Assurance : Nature.<\/li>\n<li>WiFi : Spots.<\/li>\n<li>Route : <strong>Schwarzwaldhochstrasse 60 km<\/u>.<\/li>\n<li>\u00c9viter : Weekends No?l Triberg.<\/li>\n<\/ul>\n<h2>L&rsquo;Importance de Respecter la Nature<\/h2>\n<p>Nous insistons sur le tourisme durable en <strong>For\u00eat Noire<\/strong>, avec le <strong>Parc national For\u00eat Noire<\/strong> depuis <strong>2014<\/strong>, prot\u00e9geant <u>130 km?<\/u>. Projets anti-\u00e9rosion aux <strong>Gorges Wutach<\/strong>, campagnes z\u00e9ro d\u00e9chet au <strong>Titisee<\/strong> en 2025, randonn\u00e9es balis\u00e9es <u>Leave No Trace<\/u>, et <u>90 % h\u00e9bergements \u00e9co-certifi\u00e9s \u00e0 Feldberg<\/u> pr\u00e9servent ce joyau.<\/p>\n<p>L&rsquo;impact chiffr\u00e9 : <u>1 million d&rsquo;arbres plant\u00e9s en 10 ans<\/u>. Adoptez ces pratiques pour que vos enfants profitent encore de cette <strong>nature<\/strong> intacte.<\/p>\n<ul>\n<li><strong>Parc national<\/strong> : <u>2014, 130 km?<\/u>.<\/li>\n<li>Anti-\u00e9rosion : <strong>Wutach<\/strong>.<\/li>\n<li>Z\u00e9ro d\u00e9chet : <strong>Titisee 2025<\/strong>.<\/li>\n<li>Randonn\u00e9e : <u>Leave No Trace<\/u>.<\/li>\n<li>\u00c9co-h\u00e9bergements : <u>90 % Feldberg<\/u>.<\/li>\n<\/ul>\n<h2>Conclusion : Lancez Votre Week-end en For\u00eat Noire D\u00e8s Aujourd&rsquo;hui !<\/h2>\n<p>R\u00e9capitulons les must : <strong>Titisee<\/strong> scintillant, <strong>Triberg<\/strong> cascadant, <strong>Feldberg<\/strong> dominant. R\u00e9servez votre <strong>h\u00f4tel<\/strong> et tracez votre itin\u00e9raire pour une \u00e9vasion <strong>nature<\/strong> inoubliable en <strong>famille<\/strong> ou en couple.<\/p>\n<hr>\n<div class=\"articles-lies\">\n<h3>\u00c0 lire aussi<\/h3>\n<ul>\n<li><a href=\"https:\/\/relais-farfadets.net\/blog\/destinations-et-voyages-authentiques\/week-end-dans-les-vosges-decouvrez-le-lac-de-gerardmer-et-ses-activites\/\">Week-end dans les Vosges : d\u00e9couvrez le lac de G\u00e9rardmer et ses activit\u00e9s<\/a><\/li>\n<li><a href=\"https:\/\/relais-farfadets.net\/blog\/destinations-et-voyages-authentiques\/week-end-en-foret-noire-conseils-pour-profiter-pleinement-de-la-nature\/\">Week-end en For\u00eat Noire : conseils pour profiter pleinement de la nature<\/a><\/li>\n<li><a href=\"https:\/\/relais-farfadets.net\/blog\/destinations-et-voyages-authentiques\/vacances-pour-parents-solo-les-destinations-et-activites-ideales-pour-se-ressourcer\/\">Vacances pour parents solo : les destinations et activit\u00e9s id\u00e9ales pour se ressourcer<\/a><\/li>\n<li><a href=\"https:\/\/relais-farfadets.net\/blog\/destinations-et-voyages-authentiques\/les-plus-beaux-villages-des-cevennes-un-voyage-au-coeur-du-patrimoine-naturel\/\">Les plus beaux villages des C\u00e9vennes : un voyage au c\u0153ur du patrimoine naturel<\/a><\/li>\n<\/ul>\n<\/div>\n","protected":false},"excerpt":{"rendered":"","protected":false},"author":34,"featured_media":7685,"comment_status":"open","ping_status":"open","sticky":false,"template":"","format":"standard","meta":{"_acf_changed":false,"manual_indexmenow":false,"indexmenow_id_project":0,"footnotes":""},"categories":[4521],"tags":[4663,4664,4665],"class_list":["post-7683","post","type-post","status-publish","format-standard","has-post-thumbnail","hentry","category-destinations-et-voyages-authentiques","tag-foret-noire","tag-randonnee","tag-week-end","generate-columns","tablet-grid-50","mobile-grid-100","grid-parent","grid-25"],"acf":[],"yoast_head":"<!-- This site is optimized with the Yoast SEO Premium plugin v21.3 (Yoast SEO v26.5) - https:\/\/yoast.com\/wordpress\/plugins\/seo\/ -->\n<title>Week-end en For\u00eat Noire : paysages et randonn\u00e9es<\/title>\n<meta name=\"description\" content=\"La For\u00eat Noire m\u00eale for\u00eats mystiques et panoramas \u00e0 couper le souffle. D\u00e9couvrez ses plus beaux paysages et randonn\u00e9es pour un week-end d\u00e9paysant.\" \/>\n<meta name=\"robots\" content=\"index, follow, max-snippet:-1, max-image-preview:large, max-video-preview:-1\" \/>\n<link rel=\"canonical\" href=\"https:\/\/relais-farfadets.net\/blog\/destinations-et-voyages-authentiques\/week-end-en-foret-noire-decouvrez-ses-paysages-et-ses-randonnees-incontournables\/\" \/>\n<meta property=\"og:locale\" content=\"fr_FR\" \/>\n<meta property=\"og:type\" content=\"article\" \/>\n<meta property=\"og:title\" content=\"Week-end en For\u00eat Noire : paysages et randonn\u00e9es\" \/>\n<meta property=\"og:description\" content=\"La For\u00eat Noire m\u00eale for\u00eats mystiques et panoramas \u00e0 couper le souffle. D\u00e9couvrez ses plus beaux paysages et randonn\u00e9es pour un week-end d\u00e9paysant.\" \/>\n<meta property=\"og:url\" content=\"https:\/\/relais-farfadets.net\/blog\/destinations-et-voyages-authentiques\/week-end-en-foret-noire-decouvrez-ses-paysages-et-ses-randonnees-incontournables\/\" \/>\n<meta property=\"og:site_name\" content=\"relais-farfadets\" \/>\n<meta property=\"og:image\" content=\"https:\/\/relais-farfadets.net\/blog\/wp-content\/uploads\/2025\/12\/pag-image-69415bbca79ee-scaled.png\" \/>\n\t<meta property=\"og:image:width\" content=\"1200\" \/>\n\t<meta property=\"og:image:height\" content=\"686\" \/>\n\t<meta property=\"og:image:type\" content=\"image\/png\" \/>\n<meta name=\"author\" content=\"Camille Rouvray\" \/>\n<meta name=\"twitter:card\" content=\"summary_large_image\" \/>\n<script type=\"application\/ld+json\" class=\"yoast-schema-graph\">{\"@context\":\"https:\/\/schema.org\",\"@graph\":[{\"@type\":\"NewsArticle\",\"@id\":\"https:\/\/relais-farfadets.net\/blog\/destinations-et-voyages-authentiques\/week-end-en-foret-noire-decouvrez-ses-paysages-et-ses-randonnees-incontournables\/#article\",\"isPartOf\":{\"@id\":\"https:\/\/relais-farfadets.net\/blog\/destinations-et-voyages-authentiques\/week-end-en-foret-noire-decouvrez-ses-paysages-et-ses-randonnees-incontournables\/\"},\"author\":{\"name\":\"Camille Rouvray\",\"@id\":\"https:\/\/relais-farfadets.net\/blog\/#\/schema\/person\/3c864cdc320801e3db34b663e7e3f816\"},\"headline\":\"Week-end en For\u00eat Noire : d\u00e9couvrez ses paysages et ses randonn\u00e9es incontournables\",\"datePublished\":\"2026-02-05T08:26:00+00:00\",\"dateModified\":\"2026-07-01T09:07:34+00:00\",\"mainEntityOfPage\":{\"@id\":\"https:\/\/relais-farfadets.net\/blog\/destinations-et-voyages-authentiques\/week-end-en-foret-noire-decouvrez-ses-paysages-et-ses-randonnees-incontournables\/\"},\"wordCount\":1253,\"commentCount\":0,\"publisher\":{\"@id\":\"https:\/\/relais-farfadets.net\/blog\/#organization\"},\"image\":{\"@id\":\"https:\/\/relais-farfadets.net\/blog\/destinations-et-voyages-authentiques\/week-end-en-foret-noire-decouvrez-ses-paysages-et-ses-randonnees-incontournables\/#primaryimage\"},\"thumbnailUrl\":\"https:\/\/relais-farfadets.net\/blog\/wp-content\/uploads\/2025\/12\/pag-image-69415bbca79ee-scaled.png\",\"keywords\":[\"foret noire\",\"randonnee\",\"week end\"],\"articleSection\":[\"Destinations et Voyages Authentiques\"],\"inLanguage\":\"fr-FR\",\"potentialAction\":[{\"@type\":\"CommentAction\",\"name\":\"Comment\",\"target\":[\"https:\/\/relais-farfadets.net\/blog\/destinations-et-voyages-authentiques\/week-end-en-foret-noire-decouvrez-ses-paysages-et-ses-randonnees-incontournables\/#respond\"]}]},{\"@type\":\"WebPage\",\"@id\":\"https:\/\/relais-farfadets.net\/blog\/destinations-et-voyages-authentiques\/week-end-en-foret-noire-decouvrez-ses-paysages-et-ses-randonnees-incontournables\/\",\"url\":\"https:\/\/relais-farfadets.net\/blog\/destinations-et-voyages-authentiques\/week-end-en-foret-noire-decouvrez-ses-paysages-et-ses-randonnees-incontournables\/\",\"name\":\"Week-end en For\u00eat Noire : paysages et randonn\u00e9es\",\"isPartOf\":{\"@id\":\"https:\/\/relais-farfadets.net\/blog\/#website\"},\"primaryImageOfPage\":{\"@id\":\"https:\/\/relais-farfadets.net\/blog\/destinations-et-voyages-authentiques\/week-end-en-foret-noire-decouvrez-ses-paysages-et-ses-randonnees-incontournables\/#primaryimage\"},\"image\":{\"@id\":\"https:\/\/relais-farfadets.net\/blog\/destinations-et-voyages-authentiques\/week-end-en-foret-noire-decouvrez-ses-paysages-et-ses-randonnees-incontournables\/#primaryimage\"},\"thumbnailUrl\":\"https:\/\/relais-farfadets.net\/blog\/wp-content\/uploads\/2025\/12\/pag-image-69415bbca79ee-scaled.png\",\"datePublished\":\"2026-02-05T08:26:00+00:00\",\"dateModified\":\"2026-07-01T09:07:34+00:00\",\"description\":\"La For\u00eat Noire m\u00eale for\u00eats mystiques et panoramas \u00e0 couper le souffle. D\u00e9couvrez ses plus beaux paysages et randonn\u00e9es pour un week-end d\u00e9paysant.\",\"inLanguage\":\"fr-FR\",\"potentialAction\":[{\"@type\":\"ReadAction\",\"target\":[\"https:\/\/relais-farfadets.net\/blog\/destinations-et-voyages-authentiques\/week-end-en-foret-noire-decouvrez-ses-paysages-et-ses-randonnees-incontournables\/\"]}]},{\"@type\":\"ImageObject\",\"inLanguage\":\"fr-FR\",\"@id\":\"https:\/\/relais-farfadets.net\/blog\/destinations-et-voyages-authentiques\/week-end-en-foret-noire-decouvrez-ses-paysages-et-ses-randonnees-incontournables\/#primaryimage\",\"url\":\"https:\/\/relais-farfadets.net\/blog\/wp-content\/uploads\/2025\/12\/pag-image-69415bbca79ee-scaled.png\",\"contentUrl\":\"https:\/\/relais-farfadets.net\/blog\/wp-content\/uploads\/2025\/12\/pag-image-69415bbca79ee-scaled.png\",\"width\":1200,\"height\":686,\"caption\":\"Image g\u00e9n\u00e9r\u00e9e par IA optimis\u00e9e pour Google Discover\"},{\"@type\":\"WebSite\",\"@id\":\"https:\/\/relais-farfadets.net\/blog\/#website\",\"url\":\"https:\/\/relais-farfadets.net\/blog\/\",\"name\":\"Relais Farfadets\",\"description\":\"Relais Farfadets, l&#039;univers magique pour toute la famille\",\"publisher\":{\"@id\":\"https:\/\/relais-farfadets.net\/blog\/#organization\"},\"alternateName\":\"Relais Farfadets, l'univers magique pour toute la famille\",\"potentialAction\":[{\"@type\":\"SearchAction\",\"target\":{\"@type\":\"EntryPoint\",\"urlTemplate\":\"https:\/\/relais-farfadets.net\/blog\/?s={search_term_string}\"},\"query-input\":{\"@type\":\"PropertyValueSpecification\",\"valueRequired\":true,\"valueName\":\"search_term_string\"}}],\"inLanguage\":\"fr-FR\"},{\"@type\":\"Organization\",\"@id\":\"https:\/\/relais-farfadets.net\/blog\/#organization\",\"name\":\"Relais Farfadets\",\"alternateName\":\"Relais-Farfadets.net\",\"url\":\"https:\/\/relais-farfadets.net\/blog\/\",\"logo\":{\"@type\":\"ImageObject\",\"inLanguage\":\"fr-FR\",\"@id\":\"https:\/\/relais-farfadets.net\/blog\/#\/schema\/logo\/image\/\",\"url\":\"https:\/\/relais-farfadets.net\/blog\/wp-content\/uploads\/2024\/12\/5.png\",\"contentUrl\":\"https:\/\/relais-farfadets.net\/blog\/wp-content\/uploads\/2024\/12\/5.png\",\"width\":500,\"height\":500,\"caption\":\"Relais Farfadets\"},\"image\":{\"@id\":\"https:\/\/relais-farfadets.net\/blog\/#\/schema\/logo\/image\/\"}},{\"@type\":\"Person\",\"@id\":\"https:\/\/relais-farfadets.net\/blog\/#\/schema\/person\/3c864cdc320801e3db34b663e7e3f816\",\"name\":\"Camille Rouvray\",\"image\":{\"@type\":\"ImageObject\",\"inLanguage\":\"fr-FR\",\"@id\":\"https:\/\/relais-farfadets.net\/blog\/#\/schema\/person\/image\/\",\"url\":\"https:\/\/relais-farfadets.net\/blog\/wp-content\/uploads\/2026\/06\/up_camille-r-96x96.jpg\",\"contentUrl\":\"https:\/\/relais-farfadets.net\/blog\/wp-content\/uploads\/2026\/06\/up_camille-r-96x96.jpg\",\"caption\":\"Camille Rouvray\"},\"description\":\"Je voyage et j'\u00e9cris sur le voyage depuis une douzaine d'ann\u00e9es, d'abord en tant que routarde au long cours, puis comme r\u00e9dactrice sp\u00e9cialis\u00e9e. Mon terrain de pr\u00e9dilection, ce sont les circuits organis\u00e9s et l'art de bien pr\u00e9parer un itin\u00e9raire : choix de la saison, dur\u00e9e r\u00e9aliste des \u00e9tapes, budget jour par jour, logement et transport sur place. J'aime aussi raconter les p\u00e9pites urbaines, ces adresses qu'on ne trouve pas dans les guides classiques. Avant de publier un dossier destination, je croise toujours plusieurs sources, je v\u00e9rifie les tarifs et les formalit\u00e9s d'entr\u00e9e \u00e0 jour, et je teste moi-m\u00eame quand je le peux. Mon angle reste pratique avant tout : aider le lecteur \u00e0 partir l'esprit tranquille, sans mauvaise surprise une fois sur place. Je m'attache \u00e0 distinguer le coup de c\u0153ur sinc\u00e8re du simple argument marketing.\",\"sameAs\":[\"https:\/\/camillerouvray.fr\/\"],\"url\":\"https:\/\/relais-farfadets.net\/blog\/auteur\/noname\/\"}]}<\/script>\n<!-- \/ Yoast SEO Premium plugin. -->","yoast_head_json":{"title":"Week-end en For\u00eat Noire : paysages et randonn\u00e9es","description":"La For\u00eat Noire m\u00eale for\u00eats mystiques et panoramas \u00e0 couper le souffle. D\u00e9couvrez ses plus beaux paysages et randonn\u00e9es pour un week-end d\u00e9paysant.","robots":{"index":"index","follow":"follow","max-snippet":"max-snippet:-1","max-image-preview":"max-image-preview:large","max-video-preview":"max-video-preview:-1"},"canonical":"https:\/\/relais-farfadets.net\/blog\/destinations-et-voyages-authentiques\/week-end-en-foret-noire-decouvrez-ses-paysages-et-ses-randonnees-incontournables\/","og_locale":"fr_FR","og_type":"article","og_title":"Week-end en For\u00eat Noire : paysages et randonn\u00e9es","og_description":"La For\u00eat Noire m\u00eale for\u00eats mystiques et panoramas \u00e0 couper le souffle. D\u00e9couvrez ses plus beaux paysages et randonn\u00e9es pour un week-end d\u00e9paysant.","og_url":"https:\/\/relais-farfadets.net\/blog\/destinations-et-voyages-authentiques\/week-end-en-foret-noire-decouvrez-ses-paysages-et-ses-randonnees-incontournables\/","og_site_name":"relais-farfadets","og_image":[{"width":1200,"height":686,"url":"https:\/\/relais-farfadets.net\/blog\/wp-content\/uploads\/2025\/12\/pag-image-69415bbca79ee-scaled.png","type":"image\/png"}],"author":"Camille Rouvray","twitter_card":"summary_large_image","schema":{"@context":"https:\/\/schema.org","@graph":[{"@type":"NewsArticle","@id":"https:\/\/relais-farfadets.net\/blog\/destinations-et-voyages-authentiques\/week-end-en-foret-noire-decouvrez-ses-paysages-et-ses-randonnees-incontournables\/#article","isPartOf":{"@id":"https:\/\/relais-farfadets.net\/blog\/destinations-et-voyages-authentiques\/week-end-en-foret-noire-decouvrez-ses-paysages-et-ses-randonnees-incontournables\/"},"author":{"name":"Camille Rouvray","@id":"https:\/\/relais-farfadets.net\/blog\/#\/schema\/person\/3c864cdc320801e3db34b663e7e3f816"},"headline":"Week-end en For\u00eat Noire : d\u00e9couvrez ses paysages et ses randonn\u00e9es incontournables","datePublished":"2026-02-05T08:26:00+00:00","dateModified":"2026-07-01T09:07:34+00:00","mainEntityOfPage":{"@id":"https:\/\/relais-farfadets.net\/blog\/destinations-et-voyages-authentiques\/week-end-en-foret-noire-decouvrez-ses-paysages-et-ses-randonnees-incontournables\/"},"wordCount":1253,"commentCount":0,"publisher":{"@id":"https:\/\/relais-farfadets.net\/blog\/#organization"},"image":{"@id":"https:\/\/relais-farfadets.net\/blog\/destinations-et-voyages-authentiques\/week-end-en-foret-noire-decouvrez-ses-paysages-et-ses-randonnees-incontournables\/#primaryimage"},"thumbnailUrl":"https:\/\/relais-farfadets.net\/blog\/wp-content\/uploads\/2025\/12\/pag-image-69415bbca79ee-scaled.png","keywords":["foret noire","randonnee","week end"],"articleSection":["Destinations et Voyages Authentiques"],"inLanguage":"fr-FR","potentialAction":[{"@type":"CommentAction","name":"Comment","target":["https:\/\/relais-farfadets.net\/blog\/destinations-et-voyages-authentiques\/week-end-en-foret-noire-decouvrez-ses-paysages-et-ses-randonnees-incontournables\/#respond"]}]},{"@type":"WebPage","@id":"https:\/\/relais-farfadets.net\/blog\/destinations-et-voyages-authentiques\/week-end-en-foret-noire-decouvrez-ses-paysages-et-ses-randonnees-incontournables\/","url":"https:\/\/relais-farfadets.net\/blog\/destinations-et-voyages-authentiques\/week-end-en-foret-noire-decouvrez-ses-paysages-et-ses-randonnees-incontournables\/","name":"Week-end en For\u00eat Noire : paysages et randonn\u00e9es","isPartOf":{"@id":"https:\/\/relais-farfadets.net\/blog\/#website"},"primaryImageOfPage":{"@id":"https:\/\/relais-farfadets.net\/blog\/destinations-et-voyages-authentiques\/week-end-en-foret-noire-decouvrez-ses-paysages-et-ses-randonnees-incontournables\/#primaryimage"},"image":{"@id":"https:\/\/relais-farfadets.net\/blog\/destinations-et-voyages-authentiques\/week-end-en-foret-noire-decouvrez-ses-paysages-et-ses-randonnees-incontournables\/#primaryimage"},"thumbnailUrl":"https:\/\/relais-farfadets.net\/blog\/wp-content\/uploads\/2025\/12\/pag-image-69415bbca79ee-scaled.png","datePublished":"2026-02-05T08:26:00+00:00","dateModified":"2026-07-01T09:07:34+00:00","description":"La For\u00eat Noire m\u00eale for\u00eats mystiques et panoramas \u00e0 couper le souffle. D\u00e9couvrez ses plus beaux paysages et randonn\u00e9es pour un week-end d\u00e9paysant.","inLanguage":"fr-FR","potentialAction":[{"@type":"ReadAction","target":["https:\/\/relais-farfadets.net\/blog\/destinations-et-voyages-authentiques\/week-end-en-foret-noire-decouvrez-ses-paysages-et-ses-randonnees-incontournables\/"]}]},{"@type":"ImageObject","inLanguage":"fr-FR","@id":"https:\/\/relais-farfadets.net\/blog\/destinations-et-voyages-authentiques\/week-end-en-foret-noire-decouvrez-ses-paysages-et-ses-randonnees-incontournables\/#primaryimage","url":"https:\/\/relais-farfadets.net\/blog\/wp-content\/uploads\/2025\/12\/pag-image-69415bbca79ee-scaled.png","contentUrl":"https:\/\/relais-farfadets.net\/blog\/wp-content\/uploads\/2025\/12\/pag-image-69415bbca79ee-scaled.png","width":1200,"height":686,"caption":"Image g\u00e9n\u00e9r\u00e9e par IA optimis\u00e9e pour Google Discover"},{"@type":"WebSite","@id":"https:\/\/relais-farfadets.net\/blog\/#website","url":"https:\/\/relais-farfadets.net\/blog\/","name":"Relais Farfadets","description":"Relais Farfadets, l&#039;univers magique pour toute la famille","publisher":{"@id":"https:\/\/relais-farfadets.net\/blog\/#organization"},"alternateName":"Relais Farfadets, l'univers magique pour toute la famille","potentialAction":[{"@type":"SearchAction","target":{"@type":"EntryPoint","urlTemplate":"https:\/\/relais-farfadets.net\/blog\/?s={search_term_string}"},"query-input":{"@type":"PropertyValueSpecification","valueRequired":true,"valueName":"search_term_string"}}],"inLanguage":"fr-FR"},{"@type":"Organization","@id":"https:\/\/relais-farfadets.net\/blog\/#organization","name":"Relais Farfadets","alternateName":"Relais-Farfadets.net","url":"https:\/\/relais-farfadets.net\/blog\/","logo":{"@type":"ImageObject","inLanguage":"fr-FR","@id":"https:\/\/relais-farfadets.net\/blog\/#\/schema\/logo\/image\/","url":"https:\/\/relais-farfadets.net\/blog\/wp-content\/uploads\/2024\/12\/5.png","contentUrl":"https:\/\/relais-farfadets.net\/blog\/wp-content\/uploads\/2024\/12\/5.png","width":500,"height":500,"caption":"Relais Farfadets"},"image":{"@id":"https:\/\/relais-farfadets.net\/blog\/#\/schema\/logo\/image\/"}},{"@type":"Person","@id":"https:\/\/relais-farfadets.net\/blog\/#\/schema\/person\/3c864cdc320801e3db34b663e7e3f816","name":"Camille Rouvray","image":{"@type":"ImageObject","inLanguage":"fr-FR","@id":"https:\/\/relais-farfadets.net\/blog\/#\/schema\/person\/image\/","url":"https:\/\/relais-farfadets.net\/blog\/wp-content\/uploads\/2026\/06\/up_camille-r-96x96.jpg","contentUrl":"https:\/\/relais-farfadets.net\/blog\/wp-content\/uploads\/2026\/06\/up_camille-r-96x96.jpg","caption":"Camille Rouvray"},"description":"Je voyage et j'\u00e9cris sur le voyage depuis une douzaine d'ann\u00e9es, d'abord en tant que routarde au long cours, puis comme r\u00e9dactrice sp\u00e9cialis\u00e9e. Mon terrain de pr\u00e9dilection, ce sont les circuits organis\u00e9s et l'art de bien pr\u00e9parer un itin\u00e9raire : choix de la saison, dur\u00e9e r\u00e9aliste des \u00e9tapes, budget jour par jour, logement et transport sur place. J'aime aussi raconter les p\u00e9pites urbaines, ces adresses qu'on ne trouve pas dans les guides classiques. Avant de publier un dossier destination, je croise toujours plusieurs sources, je v\u00e9rifie les tarifs et les formalit\u00e9s d'entr\u00e9e \u00e0 jour, et je teste moi-m\u00eame quand je le peux. Mon angle reste pratique avant tout : aider le lecteur \u00e0 partir l'esprit tranquille, sans mauvaise surprise une fois sur place. Je m'attache \u00e0 distinguer le coup de c\u0153ur sinc\u00e8re du simple argument marketing.","sameAs":["https:\/\/camillerouvray.fr\/"],"url":"https:\/\/relais-farfadets.net\/blog\/auteur\/noname\/"}]}},"_links":{"self":[{"href":"https:\/\/relais-farfadets.net\/blog\/wp-json\/wp\/v2\/posts\/7683","targetHints":{"allow":["GET"]}}],"collection":[{"href":"https:\/\/relais-farfadets.net\/blog\/wp-json\/wp\/v2\/posts"}],"about":[{"href":"https:\/\/relais-farfadets.net\/blog\/wp-json\/wp\/v2\/types\/post"}],"author":[{"embeddable":true,"href":"https:\/\/relais-farfadets.net\/blog\/wp-json\/wp\/v2\/users\/34"}],"replies":[{"embeddable":true,"href":"https:\/\/relais-farfadets.net\/blog\/wp-json\/wp\/v2\/comments?post=7683"}],"version-history":[{"count":2,"href":"https:\/\/relais-farfadets.net\/blog\/wp-json\/wp\/v2\/posts\/7683\/revisions"}],"predecessor-version":[{"id":7911,"href":"https:\/\/relais-farfadets.net\/blog\/wp-json\/wp\/v2\/posts\/7683\/revisions\/7911"}],"wp:featuredmedia":[{"embeddable":true,"href":"https:\/\/relais-farfadets.net\/blog\/wp-json\/wp\/v2\/media\/7685"}],"wp:attachment":[{"href":"https:\/\/relais-farfadets.net\/blog\/wp-json\/wp\/v2\/media?parent=7683"}],"wp:term":[{"taxonomy":"category","embeddable":true,"href":"https:\/\/relais-farfadets.net\/blog\/wp-json\/wp\/v2\/categories?post=7683"},{"taxonomy":"post_tag","embeddable":true,"href":"https:\/\/relais-farfadets.net\/blog\/wp-json\/wp\/v2\/tags?post=7683"}],"curies":[{"name":"wp","href":"https:\/\/api.w.org\/{rel}","templated":true}]}}