{"id":7665,"date":"2026-01-22T09:56:00","date_gmt":"2026-01-22T08:56:00","guid":{"rendered":"https:\/\/relais-farfadets.net\/blog\/?p=7665"},"modified":"2026-07-01T11:07:23","modified_gmt":"2026-07-01T09:07:23","slug":"cabane-dans-les-arbres-vosges-une-escapade-authentique-en-pleine-nature","status":"publish","type":"post","link":"https:\/\/relais-farfadets.net\/blog\/sejours-insolites\/cabane-dans-les-arbres-vosges-une-escapade-authentique-en-pleine-nature\/","title":{"rendered":"Cabane dans les arbres Vosges : une escapade authentique en pleine nature"},"content":{"rendered":"<h1>Cabane dans les arbres Vosges : Une \u00c9vasion Insolite au C\u0153ur de la Nature<\/h1>\n<h2>Pourquoi Choisir une Cabane dans les Arbres dans les Vosges ?<\/h2>\n<p>Nous optons pour une <strong>cabane dans les arbres Vosges<\/strong> quand les h\u00f4tels standards ne suffisent plus \u00e0 apaiser l&rsquo;\u00e2me. Perch\u00e9es entre <strong>5 et 18 m\u00e8tres<\/strong> de hauteur dans le <strong>parc naturel r\u00e9gional des Ballons des Vosges<\/strong>, ces structures offrent une <u>d\u00e9connexion radicale<\/u>, avec le chant des oiseaux et le murmure des r\u00e9sineux comme compagnons de nuit. Contrairement \u00e0 un g\u00eete classique, vous vivez une immersion sensorielle, \u00e0 deux pas des lacs de <strong>G\u00e9rardmer<\/strong> et <strong>Longemer<\/strong>, accessibles en <strong>20 minutes<\/strong> depuis <strong>La Bresse<\/strong>.<\/p>\n<p>Les profils varient : couples savourant un <strong>week-end romantique<\/strong> avec jacuzzi privatif, familles d\u00e9couvrant l&rsquo;aventure dans une <strong>tribu perch\u00e9e<\/strong>, ou groupes d&rsquo;amis testant les hauteurs extr\u00eames. Nous appr\u00e9cions particuli\u00e8rement les ambiances vari\u00e9es, de la cabane cocooning au sauna vue for\u00eat \u00e0 celle d&rsquo;aventurier pour enfants. L&rsquo;accessibilit\u00e9 depuis <strong>Colmar<\/strong> ou <strong>Mulhouse<\/strong>, en <strong>moins de 2 heures<\/strong>, en fait un choix pratique pour une escapade spontan\u00e9e.<\/p>\n<ul>\n<li><strong>Immersion nature<\/strong> : vues panoramiques sur les cr\u00eates du <strong>Hohneck<\/strong> (1.423 m), sentiers du <strong>club vosgien<\/strong> au d\u00e9part des cabanes.<\/li>\n<li><strong>D\u00e9connexion digitale<\/strong> : souvent sans WiFi, propice \u00e0 la lecture ou aux jeux de soci\u00e9t\u00e9 en famille.<\/li>\n<li><strong>Ambiances th\u00e9matiques<\/strong> : cabane <strong>La Goutte d&rsquo;Eau<\/strong> suspendue comme une bulle, ou <strong>Le Chant du Vent<\/strong> \u00e0 15 m avec terrasse g\u00e9ante.<\/li>\n<li><strong>Saisons magiques<\/strong> : automne aux couleurs flamboyantes, hiver enneig\u00e9 pour un No?l f\u00e9\u00e9rique depuis 2023.<\/li>\n<\/ul>\n<h2>Les Meilleures Locations de Cabanes dans les Vosges<\/h2>\n<p>Nous s\u00e9lectionnons les domaines phares pour leurs prestations exceptionnelles, comme <strong>Bol d\u2019Air \u00e0 La Bresse<\/strong>, un village de <strong>16 cabanes<\/strong> th\u00e9matiques ouvertes toute l&rsquo;ann\u00e9e depuis 2010. Leur <strong>Tribu Perch\u00e9e<\/strong>, culminant \u00e0 <strong>18 m\u00e8tres<\/strong>, accueille jusqu&rsquo;\u00e0 <strong>11 personnes<\/strong> avec inspiration des quatre \u00e9l\u00e9ments, id\u00e9ale pour groupes. \u00c0 proximit\u00e9, <strong>La Clairi\u00e8re aux Cabanes \u00e0 La Bresse<\/strong> propose des perchoirs sur pilotis avec vues sur les montagnes, tandis que <strong>Les Cabanes du Lac de Pierre-Perc\u00e9e<\/strong>, en <strong>Lorraine vosgienne<\/strong>, offrent une vue lac \u00e9co-responsable pour <strong>2 \u00e0 6 personnes<\/strong>.<\/p>\n<p>Le <strong>Domaine de Ribeaugoutte \u00e0 Saint-Nabord<\/strong>, pr\u00e8s de <strong>Remiremont<\/strong>, mise sur des cabanes cosy avec kitchenettes compl\u00e8tes, not\u00e9es <u>4,8\/5<\/u> sur les plateformes en 2024. Sur <strong>Airbnb<\/strong>, des p\u00e9pites comme <strong>L&rsquo;Arbre \u00e0 Cabane<\/strong> dans une for\u00eat de <strong>5 hectares<\/strong> \u00e0 <strong>Cornimont<\/strong> s\u00e9duisent avec jacuzzi 8 places et hauteurs de <strong>6 m\u00e8tres<\/strong>. Les prix oscillent de <strong>90 \u20ac<\/strong> la nuit en basse saison pour une duo \u00e0 <strong>250 \u20ac<\/strong> pour une prestige avec spa, selon capacit\u00e9 et p\u00e9riode.<\/p>\n<ul>\n<li><strong>Capacit\u00e9<\/strong> : du duo romantique \u00e0 <strong>Tribu Perch\u00e9e Bol d\u2019Air<\/strong> (11 pers.), familles \u00e0 <strong>Cabane C\u00e9leste<\/strong> (6 pers. avec sauna).<\/li>\n<li><strong>Confort<\/strong> : <strong>sauna privatif<\/strong>, bain nordique, terrasses de <strong>40 m?<\/strong>, cuisines \u00e9quip\u00e9es, WiFi optionnel.<\/li>\n<li><strong>Localisations cl\u00e9s<\/strong> : <strong>La Bresse<\/strong> (stations ski), <strong>Pierre-Perc\u00e9e<\/strong> (lac), <strong>Saint-Nabord<\/strong> (proche Epinal).<\/li>\n<li><strong>Avis<\/strong> : <u>Superh\u00f4te Airbnb<\/u> pour <strong>Domaine du Ch\u00e2telet \u00e0 Ferdrupt<\/strong> (7,5 m, 4 pers.).<\/li>\n<\/ul>\n<h2>Activit\u00e9s \u00e0 Proximit\u00e9 des Cabanes dans les Vosges<\/h2>\n<p>Nous int\u00e9grons vos s\u00e9jours cabane \u00e0 un programme riche, avec randonn\u00e9es sur les <strong>sentiers du Hohneck<\/strong> partant directement de <strong>Bol d\u2019Air La Bresse<\/strong>, couvrant <strong>200 km<\/strong> balis\u00e9s. En VTT, les pistes de <strong>La Bresse<\/strong> attirent <u>15 000 riders annuels<\/u> en \u00e9t\u00e9 2024, tandis que l&rsquo;hiver voit <strong>La Bresse-Hohneck<\/strong> accueillir <strong>120 km<\/strong> de ski nordique. Les lacs comme <strong>G\u00e9rardmer<\/strong> proposent paddle et baignade surveill\u00e9e de juin \u00e0 septembre.<\/p>\n<p>Pour l&rsquo;adr\u00e9naline, les tyroliennes <strong>Fantasticable<\/strong> \u00e0 <strong>La Bresse<\/strong> filent \u00e0 <strong>80 km\/h<\/strong>, et <strong>Vit Tel Ta Nature<\/strong> offre parcs aventures et animaliers. D\u00e9tentez-vous aux thermes de <strong>Plombi\u00e8res-les-Bains<\/strong>, \u00e0 <strong>45 minutes<\/strong>, ou savourez fromages <strong>Munster AOP<\/strong> et myrtilles locales lors de march\u00e9s \u00e0 <strong>Remiremont<\/strong>. Nous recommandons un week-end famille : jour 1 cabane et bain nordique, jour 2 randonn\u00e9e au <strong>lac des Corbeaux<\/strong>.<\/p>\n<ul>\n<li><strong>Plein air<\/strong> : <strong>raquettes Hohneck<\/strong> (hiver), circuits VTT famille <strong>G\u00e9rardmer<\/strong>.<\/li>\n<li><strong>Insolites<\/strong> : <strong>parcours accrobranche Bol d\u2019Air<\/strong>, ferme p\u00e9dagogique <strong>Vit Tel Ta Nature<\/strong>.<\/li>\n<li><strong>Bien-\u00eatre<\/strong> : <strong>sauna cabane<\/strong>, baln\u00e9o <strong>Vittel<\/strong> (1h).<\/li>\n<li><strong>Terroir<\/strong> : brasseries artisanales <strong>La Bresse<\/strong>, march\u00e9s No?l d\u00e9cembre 2024.<\/li>\n<\/ul>\n<h2>Les \u00c9quipements Incontournables d\u2019une Cabane dans les Arbres<\/h2>\n<p>Nous priorisons les cabanes avec acc\u00e8s s\u00e9curis\u00e9 par escaliers ou passerelles, adapt\u00e9s aux enfants d\u00e8s <strong>4 ans<\/strong> dans <strong>La Clairi\u00e8re aux Cabanes<\/strong>. L&rsquo;<strong>eau potable<\/strong>, l&rsquo;\u00e9lectricit\u00e9 et le chauffage au bois sont standards, essentiels face aux <u>-10?C<\/u> hivernaux des Vosges. Sanitaires varient : douches privatives dans <strong>80%<\/strong> des offres, ou toilettes s\u00e8ches \u00e9cologiques.<\/p>\n<p>Les kitchenettes incluent plaques induction, frigos et micro-ondes, avec paniers petit-d\u00e9jeuner hiss\u00e9s par corde \u00e0 <strong>Bol d\u2019Air<\/strong> \u2013 un rituel ludique pl\u00e9biscit\u00e9. Terrasses panoramiques avec hamacs dominent, et options luxe comme <strong>bain nordique<\/strong> \u00e0 <strong>38?C<\/strong> ou jacuzzi transforment la terrasse en spa priv\u00e9. Avant r\u00e9servation, v\u00e9rifiez : acc\u00e8s hiver (neige), animaux accept\u00e9s (<strong>Domaine Ribeaugoutte<\/strong> oui), PMR (<strong>cabane adapt\u00e9e Grand Ballon<\/strong>).<\/p>\n<ul>\n<li><strong>Base<\/strong> : <strong>lits king-size<\/strong>, mezzanines enfants, isolation phonique for\u00eat.<\/li>\n<li><strong>Cuisine<\/strong> : paniers terroir (fromages, confitures myrtilles).<\/li>\n<li><strong>Loisirs<\/strong> : <strong>WiFi limit\u00e9<\/strong> ou detox totale, location VTT.<\/li>\n<li><strong>Services<\/strong> : massages optionnels, guides randonn\u00e9e.<\/li>\n<\/ul>\n<h2>\u00c9cologie et Respect de la Nature<\/h2>\n<p>Nous valorisons les constructions en <strong>bois local FSC<\/strong>, comme \u00e0 <strong>Les Cabanes du Lac de Pierre-Perc\u00e9e<\/strong>, <u>100% autonomes<\/u> en \u00e9nergie solaire depuis 2022. Fixations hauban\u00e9es pr\u00e9servent les arbres centenaires, \u00e9vitant les clous invasifs, et les pilotis minimisent l&rsquo;impact sol dans le <strong>parc des Ballons des Vosges<\/strong>.<\/p>\n<p>La gestion eau repose sur toilettes s\u00e8ches compostables, chauffage granul\u00e9s bois locaux, et tri s\u00e9lectif obligatoire. Domaines comme <strong>Bol d\u2019Air<\/strong> affichent labels <strong>Greengo<\/strong>, sensibilisant \u00e0 la faune (chevreuils, \u00e9cureuils). Vous contribuez en choisissant basse saison (avril-juin, septembre-octobre), covoiturage depuis <strong>Epinal<\/strong>, et respect des sentiers \u2013 nous notons <u>z\u00e9ro d\u00e9chet<\/u> comme norme chez les h\u00e9bergeurs engag\u00e9s.<\/p>\n<ul>\n<li><strong>Mat\u00e9riaux<\/strong> : <strong>isolants chanvre<\/strong>, bois Vosges durables.<\/li>\n<li><strong>Ressources<\/strong> : <strong>\u00e9nergie solaire<\/strong> Pierre-Perc\u00e9e, compost d\u00e9chets.<\/li>\n<li><strong>Labels<\/strong> : <strong>\u00e9co-g\u00eetes<\/strong> via Massif des Vosges, charte responsable.<\/li>\n<li><strong>Vos gestes<\/strong> : silence nuits, pas de feu ext\u00e9rieur hors zones.<\/li>\n<\/ul>\n<h2>T\u00e9moignages et Exp\u00e9riences de S\u00e9jour en Cabane dans les Arbres dans les Vosges<\/h2>\n<p>Nous relayons des retours authentiques : un couple de <strong>Strasbourg<\/strong> chez <strong>Bol d\u2019Air La Bresse<\/strong> en f\u00e9vrier 2024 vante le <strong>sauna sous neige<\/strong>,  un cocon magique avec vue vall\u00e9e ?. Une famille de <strong>4 enfants<\/strong> \u00e0 <strong>Tribu Perch\u00e9e<\/strong> (11 pers.) souligne la s\u00e9curit\u00e9 des acc\u00e8s et la joie des petits au lever sur for\u00eat, not\u00e9 <u>5\/5<\/u>.<\/p>\n<p>Groupes d&rsquo;amis \u00e0 <strong>L&rsquo;Arbre \u00e0 Cabane Cornimont<\/strong> appr\u00e9cient la convivialit\u00e9 des terrasses partag\u00e9es et paniers myrtilles. Moments forts : bain nordique \u00e9toil\u00e9, \u00e9cureuils matinaux, petit-d\u00e9j hiss\u00e9. R\u00e9servez <strong>3 mois<\/strong> ahead pour No?l 2025, emportez lampe frontale, v\u00eatements thermiques \u2013 ces astuces issus de <strong>4,9\/5<\/strong> avis Airbnb assurent un s\u00e9jour sans faille.<\/p>\n<ul>\n<li><strong>Couple<\/strong> :  Intimit\u00e9 parfaite, jacuzzi \u00e0 15 m, romantisme pur ? \u2013 <strong>Domaine Ch\u00e2telet Ferdrupt<\/strong>.<\/li>\n<li><strong>Famille<\/strong> :  Enfants ravis, sans \u00e9crans, aventure s\u00fbre ? \u2013 <strong>Cabane C\u00e9leste<\/strong>.<\/li>\n<li><strong>Amis<\/strong> :  Convivialit\u00e9 tribu, activit\u00e9s groupe tyro ? \u2013 <strong>Bol d\u2019Air<\/strong>.<\/li>\n<li><strong>Conseils<\/strong> : V\u00e9rifiez parking neige, chaussures randonn\u00e9e.<\/li>\n<\/ul>\n<hr>\n<div class=\"articles-lies\">\n<h3>\u00c0 lire aussi<\/h3>\n<ul>\n<li><a href=\"https:\/\/relais-farfadets.net\/blog\/sejours-insolites\/nuit-insolite-en-seine-et-marne-experiences-uniques-a-moins-d1h-de-paris\/\">Nuit insolite en Seine-et-Marne : exp\u00e9riences uniques \u00e0 moins d\u20191h de Paris<\/a><\/li>\n<li><a href=\"https:\/\/relais-farfadets.net\/blog\/sejours-insolites\/hotels-insolites-en-rhone-alpes-des-experiences-uniques-au-coeur-de-la-nature\/\">H\u00f4tels insolites en Rh\u00f4ne-Alpes : des exp\u00e9riences uniques au c\u0153ur de la nature<\/a><\/li>\n<li><a href=\"https:\/\/relais-farfadets.net\/blog\/sejours-insolites\/les-meilleurs-campings-a-arcachon-en-2025-pour-des-vacances-ensoleillees\/\">Les meilleurs campings \u00e0 Arcachon en 2025 pour des vacances ensoleill\u00e9es<\/a><\/li>\n<li><a href=\"https:\/\/relais-farfadets.net\/blog\/sejours-insolites\/les-meilleurs-campings-avec-parc-aquatique-en-ardeche-pour-un-ete-inoubliable\/\">Les meilleurs campings avec parc aquatique en Ard\u00e8che pour un \u00e9t\u00e9 inoubliable<\/a><\/li>\n<\/ul>\n<\/div>\n","protected":false},"excerpt":{"rendered":"","protected":false},"author":34,"featured_media":7667,"comment_status":"open","ping_status":"open","sticky":false,"template":"","format":"standard","meta":{"_acf_changed":false,"manual_indexmenow":false,"indexmenow_id_project":0,"footnotes":""},"categories":[4522],"tags":[4647,4648,4645],"class_list":["post-7665","post","type-post","status-publish","format-standard","has-post-thumbnail","hentry","category-sejours-insolites","tag-cabane-arbres","tag-escapade-nature","tag-vosges","generate-columns","tablet-grid-50","mobile-grid-100","grid-parent","grid-25"],"acf":[],"yoast_head":"<!-- This site is optimized with the Yoast SEO Premium plugin v21.3 (Yoast SEO v26.5) - https:\/\/yoast.com\/wordpress\/plugins\/seo\/ -->\n<title>Cabane dans les arbres Vosges : escapade en pleine nature<\/title>\n<meta name=\"description\" content=\"Cabane dans les arbres des Vosges : une escapade authentique perch\u00e9e entre 5 et 18 m\u00e8tres, loin des h\u00f4tels standards. Ressourcez-vous en pleine nature.\" \/>\n<meta name=\"robots\" content=\"index, follow, max-snippet:-1, max-image-preview:large, max-video-preview:-1\" \/>\n<link rel=\"canonical\" href=\"https:\/\/relais-farfadets.net\/blog\/sejours-insolites\/cabane-dans-les-arbres-vosges-une-escapade-authentique-en-pleine-nature\/\" \/>\n<meta property=\"og:locale\" content=\"fr_FR\" \/>\n<meta property=\"og:type\" content=\"article\" \/>\n<meta property=\"og:title\" content=\"Cabane dans les arbres Vosges : escapade en pleine nature\" \/>\n<meta property=\"og:description\" content=\"Cabane dans les arbres des Vosges : une escapade authentique perch\u00e9e entre 5 et 18 m\u00e8tres, loin des h\u00f4tels standards. Ressourcez-vous en pleine nature.\" \/>\n<meta property=\"og:url\" content=\"https:\/\/relais-farfadets.net\/blog\/sejours-insolites\/cabane-dans-les-arbres-vosges-une-escapade-authentique-en-pleine-nature\/\" \/>\n<meta property=\"og:site_name\" content=\"relais-farfadets\" \/>\n<meta property=\"og:image\" content=\"https:\/\/relais-farfadets.net\/blog\/wp-content\/uploads\/2025\/12\/pag-image-69415946cd1df-scaled.png\" \/>\n\t<meta property=\"og:image:width\" content=\"1200\" \/>\n\t<meta property=\"og:image:height\" content=\"686\" \/>\n\t<meta property=\"og:image:type\" content=\"image\/png\" \/>\n<meta name=\"author\" content=\"Camille Rouvray\" \/>\n<meta name=\"twitter:card\" content=\"summary_large_image\" \/>\n<script type=\"application\/ld+json\" class=\"yoast-schema-graph\">{\"@context\":\"https:\/\/schema.org\",\"@graph\":[{\"@type\":\"NewsArticle\",\"@id\":\"https:\/\/relais-farfadets.net\/blog\/sejours-insolites\/cabane-dans-les-arbres-vosges-une-escapade-authentique-en-pleine-nature\/#article\",\"isPartOf\":{\"@id\":\"https:\/\/relais-farfadets.net\/blog\/sejours-insolites\/cabane-dans-les-arbres-vosges-une-escapade-authentique-en-pleine-nature\/\"},\"author\":{\"name\":\"Camille Rouvray\",\"@id\":\"https:\/\/relais-farfadets.net\/blog\/#\/schema\/person\/3c864cdc320801e3db34b663e7e3f816\"},\"headline\":\"Cabane dans les arbres Vosges : une escapade authentique en pleine nature\",\"datePublished\":\"2026-01-22T08:56:00+00:00\",\"dateModified\":\"2026-07-01T09:07:23+00:00\",\"mainEntityOfPage\":{\"@id\":\"https:\/\/relais-farfadets.net\/blog\/sejours-insolites\/cabane-dans-les-arbres-vosges-une-escapade-authentique-en-pleine-nature\/\"},\"wordCount\":1194,\"commentCount\":0,\"publisher\":{\"@id\":\"https:\/\/relais-farfadets.net\/blog\/#organization\"},\"image\":{\"@id\":\"https:\/\/relais-farfadets.net\/blog\/sejours-insolites\/cabane-dans-les-arbres-vosges-une-escapade-authentique-en-pleine-nature\/#primaryimage\"},\"thumbnailUrl\":\"https:\/\/relais-farfadets.net\/blog\/wp-content\/uploads\/2025\/12\/pag-image-69415946cd1df-scaled.png\",\"keywords\":[\"cabane arbres\",\"escapade nature\",\"vosges\"],\"articleSection\":[\"S\u00e9jours Insolites\"],\"inLanguage\":\"fr-FR\",\"potentialAction\":[{\"@type\":\"CommentAction\",\"name\":\"Comment\",\"target\":[\"https:\/\/relais-farfadets.net\/blog\/sejours-insolites\/cabane-dans-les-arbres-vosges-une-escapade-authentique-en-pleine-nature\/#respond\"]}]},{\"@type\":\"WebPage\",\"@id\":\"https:\/\/relais-farfadets.net\/blog\/sejours-insolites\/cabane-dans-les-arbres-vosges-une-escapade-authentique-en-pleine-nature\/\",\"url\":\"https:\/\/relais-farfadets.net\/blog\/sejours-insolites\/cabane-dans-les-arbres-vosges-une-escapade-authentique-en-pleine-nature\/\",\"name\":\"Cabane dans les arbres Vosges : escapade en pleine nature\",\"isPartOf\":{\"@id\":\"https:\/\/relais-farfadets.net\/blog\/#website\"},\"primaryImageOfPage\":{\"@id\":\"https:\/\/relais-farfadets.net\/blog\/sejours-insolites\/cabane-dans-les-arbres-vosges-une-escapade-authentique-en-pleine-nature\/#primaryimage\"},\"image\":{\"@id\":\"https:\/\/relais-farfadets.net\/blog\/sejours-insolites\/cabane-dans-les-arbres-vosges-une-escapade-authentique-en-pleine-nature\/#primaryimage\"},\"thumbnailUrl\":\"https:\/\/relais-farfadets.net\/blog\/wp-content\/uploads\/2025\/12\/pag-image-69415946cd1df-scaled.png\",\"datePublished\":\"2026-01-22T08:56:00+00:00\",\"dateModified\":\"2026-07-01T09:07:23+00:00\",\"description\":\"Cabane dans les arbres des Vosges : une escapade authentique perch\u00e9e entre 5 et 18 m\u00e8tres, loin des h\u00f4tels standards. Ressourcez-vous en pleine nature.\",\"inLanguage\":\"fr-FR\",\"potentialAction\":[{\"@type\":\"ReadAction\",\"target\":[\"https:\/\/relais-farfadets.net\/blog\/sejours-insolites\/cabane-dans-les-arbres-vosges-une-escapade-authentique-en-pleine-nature\/\"]}]},{\"@type\":\"ImageObject\",\"inLanguage\":\"fr-FR\",\"@id\":\"https:\/\/relais-farfadets.net\/blog\/sejours-insolites\/cabane-dans-les-arbres-vosges-une-escapade-authentique-en-pleine-nature\/#primaryimage\",\"url\":\"https:\/\/relais-farfadets.net\/blog\/wp-content\/uploads\/2025\/12\/pag-image-69415946cd1df-scaled.png\",\"contentUrl\":\"https:\/\/relais-farfadets.net\/blog\/wp-content\/uploads\/2025\/12\/pag-image-69415946cd1df-scaled.png\",\"width\":1200,\"height\":686,\"caption\":\"Image g\u00e9n\u00e9r\u00e9e par IA optimis\u00e9e pour Google Discover\"},{\"@type\":\"WebSite\",\"@id\":\"https:\/\/relais-farfadets.net\/blog\/#website\",\"url\":\"https:\/\/relais-farfadets.net\/blog\/\",\"name\":\"Relais Farfadets\",\"description\":\"Relais Farfadets, l&#039;univers magique pour toute la famille\",\"publisher\":{\"@id\":\"https:\/\/relais-farfadets.net\/blog\/#organization\"},\"alternateName\":\"Relais Farfadets, l'univers magique pour toute la famille\",\"potentialAction\":[{\"@type\":\"SearchAction\",\"target\":{\"@type\":\"EntryPoint\",\"urlTemplate\":\"https:\/\/relais-farfadets.net\/blog\/?s={search_term_string}\"},\"query-input\":{\"@type\":\"PropertyValueSpecification\",\"valueRequired\":true,\"valueName\":\"search_term_string\"}}],\"inLanguage\":\"fr-FR\"},{\"@type\":\"Organization\",\"@id\":\"https:\/\/relais-farfadets.net\/blog\/#organization\",\"name\":\"Relais Farfadets\",\"alternateName\":\"Relais-Farfadets.net\",\"url\":\"https:\/\/relais-farfadets.net\/blog\/\",\"logo\":{\"@type\":\"ImageObject\",\"inLanguage\":\"fr-FR\",\"@id\":\"https:\/\/relais-farfadets.net\/blog\/#\/schema\/logo\/image\/\",\"url\":\"https:\/\/relais-farfadets.net\/blog\/wp-content\/uploads\/2024\/12\/5.png\",\"contentUrl\":\"https:\/\/relais-farfadets.net\/blog\/wp-content\/uploads\/2024\/12\/5.png\",\"width\":500,\"height\":500,\"caption\":\"Relais Farfadets\"},\"image\":{\"@id\":\"https:\/\/relais-farfadets.net\/blog\/#\/schema\/logo\/image\/\"}},{\"@type\":\"Person\",\"@id\":\"https:\/\/relais-farfadets.net\/blog\/#\/schema\/person\/3c864cdc320801e3db34b663e7e3f816\",\"name\":\"Camille Rouvray\",\"image\":{\"@type\":\"ImageObject\",\"inLanguage\":\"fr-FR\",\"@id\":\"https:\/\/relais-farfadets.net\/blog\/#\/schema\/person\/image\/\",\"url\":\"https:\/\/relais-farfadets.net\/blog\/wp-content\/uploads\/2026\/06\/up_camille-r-96x96.jpg\",\"contentUrl\":\"https:\/\/relais-farfadets.net\/blog\/wp-content\/uploads\/2026\/06\/up_camille-r-96x96.jpg\",\"caption\":\"Camille Rouvray\"},\"description\":\"Je voyage et j'\u00e9cris sur le voyage depuis une douzaine d'ann\u00e9es, d'abord en tant que routarde au long cours, puis comme r\u00e9dactrice sp\u00e9cialis\u00e9e. Mon terrain de pr\u00e9dilection, ce sont les circuits organis\u00e9s et l'art de bien pr\u00e9parer un itin\u00e9raire : choix de la saison, dur\u00e9e r\u00e9aliste des \u00e9tapes, budget jour par jour, logement et transport sur place. J'aime aussi raconter les p\u00e9pites urbaines, ces adresses qu'on ne trouve pas dans les guides classiques. Avant de publier un dossier destination, je croise toujours plusieurs sources, je v\u00e9rifie les tarifs et les formalit\u00e9s d'entr\u00e9e \u00e0 jour, et je teste moi-m\u00eame quand je le peux. Mon angle reste pratique avant tout : aider le lecteur \u00e0 partir l'esprit tranquille, sans mauvaise surprise une fois sur place. Je m'attache \u00e0 distinguer le coup de c\u0153ur sinc\u00e8re du simple argument marketing.\",\"sameAs\":[\"https:\/\/camillerouvray.fr\/\"],\"url\":\"https:\/\/relais-farfadets.net\/blog\/auteur\/noname\/\"}]}<\/script>\n<!-- \/ Yoast SEO Premium plugin. -->","yoast_head_json":{"title":"Cabane dans les arbres Vosges : escapade en pleine nature","description":"Cabane dans les arbres des Vosges : une escapade authentique perch\u00e9e entre 5 et 18 m\u00e8tres, loin des h\u00f4tels standards. Ressourcez-vous en pleine nature.","robots":{"index":"index","follow":"follow","max-snippet":"max-snippet:-1","max-image-preview":"max-image-preview:large","max-video-preview":"max-video-preview:-1"},"canonical":"https:\/\/relais-farfadets.net\/blog\/sejours-insolites\/cabane-dans-les-arbres-vosges-une-escapade-authentique-en-pleine-nature\/","og_locale":"fr_FR","og_type":"article","og_title":"Cabane dans les arbres Vosges : escapade en pleine nature","og_description":"Cabane dans les arbres des Vosges : une escapade authentique perch\u00e9e entre 5 et 18 m\u00e8tres, loin des h\u00f4tels standards. Ressourcez-vous en pleine nature.","og_url":"https:\/\/relais-farfadets.net\/blog\/sejours-insolites\/cabane-dans-les-arbres-vosges-une-escapade-authentique-en-pleine-nature\/","og_site_name":"relais-farfadets","og_image":[{"width":1200,"height":686,"url":"https:\/\/relais-farfadets.net\/blog\/wp-content\/uploads\/2025\/12\/pag-image-69415946cd1df-scaled.png","type":"image\/png"}],"author":"Camille Rouvray","twitter_card":"summary_large_image","schema":{"@context":"https:\/\/schema.org","@graph":[{"@type":"NewsArticle","@id":"https:\/\/relais-farfadets.net\/blog\/sejours-insolites\/cabane-dans-les-arbres-vosges-une-escapade-authentique-en-pleine-nature\/#article","isPartOf":{"@id":"https:\/\/relais-farfadets.net\/blog\/sejours-insolites\/cabane-dans-les-arbres-vosges-une-escapade-authentique-en-pleine-nature\/"},"author":{"name":"Camille Rouvray","@id":"https:\/\/relais-farfadets.net\/blog\/#\/schema\/person\/3c864cdc320801e3db34b663e7e3f816"},"headline":"Cabane dans les arbres Vosges : une escapade authentique en pleine nature","datePublished":"2026-01-22T08:56:00+00:00","dateModified":"2026-07-01T09:07:23+00:00","mainEntityOfPage":{"@id":"https:\/\/relais-farfadets.net\/blog\/sejours-insolites\/cabane-dans-les-arbres-vosges-une-escapade-authentique-en-pleine-nature\/"},"wordCount":1194,"commentCount":0,"publisher":{"@id":"https:\/\/relais-farfadets.net\/blog\/#organization"},"image":{"@id":"https:\/\/relais-farfadets.net\/blog\/sejours-insolites\/cabane-dans-les-arbres-vosges-une-escapade-authentique-en-pleine-nature\/#primaryimage"},"thumbnailUrl":"https:\/\/relais-farfadets.net\/blog\/wp-content\/uploads\/2025\/12\/pag-image-69415946cd1df-scaled.png","keywords":["cabane arbres","escapade nature","vosges"],"articleSection":["S\u00e9jours Insolites"],"inLanguage":"fr-FR","potentialAction":[{"@type":"CommentAction","name":"Comment","target":["https:\/\/relais-farfadets.net\/blog\/sejours-insolites\/cabane-dans-les-arbres-vosges-une-escapade-authentique-en-pleine-nature\/#respond"]}]},{"@type":"WebPage","@id":"https:\/\/relais-farfadets.net\/blog\/sejours-insolites\/cabane-dans-les-arbres-vosges-une-escapade-authentique-en-pleine-nature\/","url":"https:\/\/relais-farfadets.net\/blog\/sejours-insolites\/cabane-dans-les-arbres-vosges-une-escapade-authentique-en-pleine-nature\/","name":"Cabane dans les arbres Vosges : escapade en pleine nature","isPartOf":{"@id":"https:\/\/relais-farfadets.net\/blog\/#website"},"primaryImageOfPage":{"@id":"https:\/\/relais-farfadets.net\/blog\/sejours-insolites\/cabane-dans-les-arbres-vosges-une-escapade-authentique-en-pleine-nature\/#primaryimage"},"image":{"@id":"https:\/\/relais-farfadets.net\/blog\/sejours-insolites\/cabane-dans-les-arbres-vosges-une-escapade-authentique-en-pleine-nature\/#primaryimage"},"thumbnailUrl":"https:\/\/relais-farfadets.net\/blog\/wp-content\/uploads\/2025\/12\/pag-image-69415946cd1df-scaled.png","datePublished":"2026-01-22T08:56:00+00:00","dateModified":"2026-07-01T09:07:23+00:00","description":"Cabane dans les arbres des Vosges : une escapade authentique perch\u00e9e entre 5 et 18 m\u00e8tres, loin des h\u00f4tels standards. Ressourcez-vous en pleine nature.","inLanguage":"fr-FR","potentialAction":[{"@type":"ReadAction","target":["https:\/\/relais-farfadets.net\/blog\/sejours-insolites\/cabane-dans-les-arbres-vosges-une-escapade-authentique-en-pleine-nature\/"]}]},{"@type":"ImageObject","inLanguage":"fr-FR","@id":"https:\/\/relais-farfadets.net\/blog\/sejours-insolites\/cabane-dans-les-arbres-vosges-une-escapade-authentique-en-pleine-nature\/#primaryimage","url":"https:\/\/relais-farfadets.net\/blog\/wp-content\/uploads\/2025\/12\/pag-image-69415946cd1df-scaled.png","contentUrl":"https:\/\/relais-farfadets.net\/blog\/wp-content\/uploads\/2025\/12\/pag-image-69415946cd1df-scaled.png","width":1200,"height":686,"caption":"Image g\u00e9n\u00e9r\u00e9e par IA optimis\u00e9e pour Google Discover"},{"@type":"WebSite","@id":"https:\/\/relais-farfadets.net\/blog\/#website","url":"https:\/\/relais-farfadets.net\/blog\/","name":"Relais Farfadets","description":"Relais Farfadets, l&#039;univers magique pour toute la famille","publisher":{"@id":"https:\/\/relais-farfadets.net\/blog\/#organization"},"alternateName":"Relais Farfadets, l'univers magique pour toute la famille","potentialAction":[{"@type":"SearchAction","target":{"@type":"EntryPoint","urlTemplate":"https:\/\/relais-farfadets.net\/blog\/?s={search_term_string}"},"query-input":{"@type":"PropertyValueSpecification","valueRequired":true,"valueName":"search_term_string"}}],"inLanguage":"fr-FR"},{"@type":"Organization","@id":"https:\/\/relais-farfadets.net\/blog\/#organization","name":"Relais Farfadets","alternateName":"Relais-Farfadets.net","url":"https:\/\/relais-farfadets.net\/blog\/","logo":{"@type":"ImageObject","inLanguage":"fr-FR","@id":"https:\/\/relais-farfadets.net\/blog\/#\/schema\/logo\/image\/","url":"https:\/\/relais-farfadets.net\/blog\/wp-content\/uploads\/2024\/12\/5.png","contentUrl":"https:\/\/relais-farfadets.net\/blog\/wp-content\/uploads\/2024\/12\/5.png","width":500,"height":500,"caption":"Relais Farfadets"},"image":{"@id":"https:\/\/relais-farfadets.net\/blog\/#\/schema\/logo\/image\/"}},{"@type":"Person","@id":"https:\/\/relais-farfadets.net\/blog\/#\/schema\/person\/3c864cdc320801e3db34b663e7e3f816","name":"Camille Rouvray","image":{"@type":"ImageObject","inLanguage":"fr-FR","@id":"https:\/\/relais-farfadets.net\/blog\/#\/schema\/person\/image\/","url":"https:\/\/relais-farfadets.net\/blog\/wp-content\/uploads\/2026\/06\/up_camille-r-96x96.jpg","contentUrl":"https:\/\/relais-farfadets.net\/blog\/wp-content\/uploads\/2026\/06\/up_camille-r-96x96.jpg","caption":"Camille Rouvray"},"description":"Je voyage et j'\u00e9cris sur le voyage depuis une douzaine d'ann\u00e9es, d'abord en tant que routarde au long cours, puis comme r\u00e9dactrice sp\u00e9cialis\u00e9e. Mon terrain de pr\u00e9dilection, ce sont les circuits organis\u00e9s et l'art de bien pr\u00e9parer un itin\u00e9raire : choix de la saison, dur\u00e9e r\u00e9aliste des \u00e9tapes, budget jour par jour, logement et transport sur place. J'aime aussi raconter les p\u00e9pites urbaines, ces adresses qu'on ne trouve pas dans les guides classiques. Avant de publier un dossier destination, je croise toujours plusieurs sources, je v\u00e9rifie les tarifs et les formalit\u00e9s d'entr\u00e9e \u00e0 jour, et je teste moi-m\u00eame quand je le peux. Mon angle reste pratique avant tout : aider le lecteur \u00e0 partir l'esprit tranquille, sans mauvaise surprise une fois sur place. Je m'attache \u00e0 distinguer le coup de c\u0153ur sinc\u00e8re du simple argument marketing.","sameAs":["https:\/\/camillerouvray.fr\/"],"url":"https:\/\/relais-farfadets.net\/blog\/auteur\/noname\/"}]}},"_links":{"self":[{"href":"https:\/\/relais-farfadets.net\/blog\/wp-json\/wp\/v2\/posts\/7665","targetHints":{"allow":["GET"]}}],"collection":[{"href":"https:\/\/relais-farfadets.net\/blog\/wp-json\/wp\/v2\/posts"}],"about":[{"href":"https:\/\/relais-farfadets.net\/blog\/wp-json\/wp\/v2\/types\/post"}],"author":[{"embeddable":true,"href":"https:\/\/relais-farfadets.net\/blog\/wp-json\/wp\/v2\/users\/34"}],"replies":[{"embeddable":true,"href":"https:\/\/relais-farfadets.net\/blog\/wp-json\/wp\/v2\/comments?post=7665"}],"version-history":[{"count":2,"href":"https:\/\/relais-farfadets.net\/blog\/wp-json\/wp\/v2\/posts\/7665\/revisions"}],"predecessor-version":[{"id":7907,"href":"https:\/\/relais-farfadets.net\/blog\/wp-json\/wp\/v2\/posts\/7665\/revisions\/7907"}],"wp:featuredmedia":[{"embeddable":true,"href":"https:\/\/relais-farfadets.net\/blog\/wp-json\/wp\/v2\/media\/7667"}],"wp:attachment":[{"href":"https:\/\/relais-farfadets.net\/blog\/wp-json\/wp\/v2\/media?parent=7665"}],"wp:term":[{"taxonomy":"category","embeddable":true,"href":"https:\/\/relais-farfadets.net\/blog\/wp-json\/wp\/v2\/categories?post=7665"},{"taxonomy":"post_tag","embeddable":true,"href":"https:\/\/relais-farfadets.net\/blog\/wp-json\/wp\/v2\/tags?post=7665"}],"curies":[{"name":"wp","href":"https:\/\/api.w.org\/{rel}","templated":true}]}}