{"id":7638,"date":"2025-12-25T09:32:00","date_gmt":"2025-12-25T08:32:00","guid":{"rendered":"https:\/\/relais-farfadets.net\/blog\/?p=7638"},"modified":"2026-07-01T11:07:00","modified_gmt":"2026-07-01T09:07:00","slug":"les-plus-beaux-villages-des-cevennes-un-voyage-au-coeur-du-patrimoine-naturel","status":"publish","type":"post","link":"https:\/\/relais-farfadets.net\/blog\/destinations-et-voyages-authentiques\/les-plus-beaux-villages-des-cevennes-un-voyage-au-coeur-du-patrimoine-naturel\/","title":{"rendered":"Les plus beaux villages des C\u00e9vennes : un voyage au c\u0153ur du patrimoine naturel"},"content":{"rendered":"<h1>Les Plus Beaux Villages des C\u00e9vennes : Un Voyage au C\u0153ur du Patrimoine et de la Nature<\/h1>\n<h2>Comprendre les C\u00e9vennes et l\u2019\u00c2me de ses Villages<\/h2>\n<p>Les <strong>C\u00e9vennes<\/strong> s\u2019\u00e9tendent sur les d\u00e9partements du <strong>Gard<\/strong>, de la <strong>Loz\u00e8re<\/strong>, de l\u2019<strong>Ard\u00e8che<\/strong> et de l\u2019<strong>H\u00e9rault<\/strong>, formant un massif karstique de 900 000 hectares o\u00f9 schiste et calcaire se disputent les pentes. Ce territoire, c\u0153ur du <strong>Parc national des C\u00e9vennes<\/strong>, c\u00e9l\u00e8bre ses <u>paysages culturels agropastoralistes reconnus par l\u2019UNESCO en 2011<\/u> pour leur alliance unique d\u2019\u00e9levage transhumant et de terrasses de ch\u00e2taigniers. Vous y sentez l\u2019empreinte des <strong>guerres de Religion<\/strong> (1562-1598) et de la <strong>r\u00e9volte des Camisards<\/strong> (1702-1704), qui ont grav\u00e9 temples protestants et maisons fortifi\u00e9es dans la pierre.<\/p>\n<p>Nous appr\u00e9cions particuli\u00e8rement comment des villages comme <strong>Saint-Jean-du-Gard<\/strong>, bastion huguenot au XVIe si\u00e8cle, ou <strong>Mialet<\/strong>, pr\u00e8s du <strong>Mas Soubeyran<\/strong>, incarnent cette r\u00e9silience. Leurs <strong>maisons en schiste<\/strong>, toits de lauze et ch\u00e2taigneraies centenaires racontent un exode rural post-1945, suivi d\u2019un renouveau touristique. Visiter ces lieux, c\u2019est plonger dans une culture protestante vivante, o\u00f9 <u>70 % des C\u00e9venols se disent attach\u00e9s \u00e0 cet h\u00e9ritage<\/u>.<\/p>\n<ul>\n<li><strong>Parc national des C\u00e9vennes<\/strong> : 913 000 hectares prot\u00e9g\u00e9s depuis 1970, avec 3 500 km de sentiers.<\/li>\n<li><strong>Patrimoine UNESCO<\/strong> : Inscrit en 2011 pour l\u2019agropastoralisme, couvrant 4 d\u00e9partements.<\/li>\n<li><strong>Histoire camisarde<\/strong> : R\u00e9volte de 1702 men\u00e9e par Pierre Juglar, dit <strong>Cavalerie<\/strong>, marquant villages comme <strong>Mialet<\/strong>.<\/li>\n<\/ul>\n<h2>Les Villages Class\u00e9s et Labellis\u00e9s parmi les Plus Beaux de France<\/h2>\n<p><strong>La Garde-Gu\u00e9rin<\/strong>, en <strong>Ard\u00e8che<\/strong> \u00e0 900 m\u00e8tres d\u2019altitude, tr\u00f4ne parmi les <strong>Plus Beaux Villages de France<\/strong> depuis 2015. Suspendu au-dessus du canyon du <strong>Chassezac<\/strong>, ce hameau m\u00e9di\u00e9val fortifi\u00e9 s\u00e9duit par ses <strong>maisons en schiste<\/strong>, sa <strong>tour de guet du XIIIe si\u00e8cle<\/strong> et ruelles pav\u00e9es veillant sur la <strong>voie R\u00e9gordane<\/strong>. Fr\u00e9quent\u00e9 par <u>environ 20 000 visiteurs par an<\/u>, il brille au printemps pour ses cerisiers en fleur.<\/p>\n<p><strong>Sainte-Enimie<\/strong>, dans la <strong>Loz\u00e8re<\/strong>, class\u00e9 <strong>Plus Beaux Villages de France<\/strong> depuis 1978, s\u2019accroche aux falaises des <strong>gorges du Tarn<\/strong>. Ses ruelles pentues, maisons Renaissance et <strong>\u00e9glise Notre-Dame-du-Gourg<\/strong> (XIe si\u00e8cle) attirent <u>150 000 touristes estivaux<\/u>. Nous privil\u00e9gions l\u2019automne pour ses couleurs ocre. <strong>Thines<\/strong> et <strong>Banne<\/strong>, villages de caract\u00e8re en <strong>Ard\u00e8che<\/strong>, compl\u00e8tent cette \u00e9lite avec architectures pr\u00e9serv\u00e9es et vues sur vall\u00e9es.<\/p>\n<ul>\n<li><strong>La Garde-Gu\u00e9rin<\/strong> : Altitude 900 m, 120 habitants, march\u00e9 estival dominical.<\/li>\n<li><strong>Sainte-Enimie<\/strong> : 400 r\u00e9sidents, chapelle troglodyte Sainte-Enimie, accessible par cano?.<\/li>\n<li><strong>Thines<\/strong> : \u00c9glise romane restaur\u00e9e en 2005, sentier des Po\u00e8tes (5 km).<\/li>\n<\/ul>\n<h2>Panorama des Villages Incontournables des C\u00e9vennes<\/h2>\n<p><strong>Florac-Trois-Rivi\u00e8res<\/strong>, en <strong>Loz\u00e8re<\/strong>, gagne son surnom de <strong>Venise des C\u00e9vennes<\/strong> gr\u00e2ce au <strong>Tarnon<\/strong>, <strong>Joncente<\/strong> et <strong>Bramabou<\/strong>, porte du Parc national. Ses places ombrag\u00e9es et la <strong>Source du P\u00eacher<\/strong> vibrent le jeudi au march\u00e9. <strong>Sum\u00e8ne<\/strong>, au sud, fusionne garrigues calcaires et schiste c\u00e9venol, offrant ambiance pastorale.<\/p>\n<p><strong>Dourbies<\/strong> perp\u00e9tue la transhumance, tandis que <strong>Aumessas<\/strong> enchante par ses <strong>calades<\/strong> pav\u00e9es de galets dans le <strong>pays viganais<\/strong>. <strong>Aujac<\/strong>, <strong>V\u00e9z\u00e9nobres<\/strong> (1 900 habitants), <strong>Anduze<\/strong>, <strong>G\u00e9nolhac<\/strong> au pied du <strong>Mont Loz\u00e8re<\/strong>, <strong>Saint-Jean-du-Gard<\/strong> et <strong>Mialet<\/strong> compl\u00e8tent ce tr\u00e9sor. Nous adorons <strong>V\u00e9z\u00e9nobres<\/strong> pour ses maisons m\u00e9di\u00e9vales et figues AOP.<\/p>\n<ul>\n<li><strong>Florac-Trois-Rivi\u00e8res<\/strong> : 1 800 habitants, office de tourisme du Parc, vues sur Causse M\u00e9jean.<\/li>\n<li><strong>Aumessas<\/strong> : Rues sinueuses, patrimoine viganais, id\u00e9al pour photographie.<\/li>\n<li><strong>Saint-Jean-du-Gard<\/strong> : Filatures de soie historiques, baignade au <strong>Gardon<\/strong>.<\/li>\n<\/ul>\n<h2>Patrimoine Architectural et Culturel des Villages C\u00e9venols<\/h2>\n<p>Les villages c\u00e9venols arborent <strong>maisons en schiste<\/strong> aux toits de <strong>lauzes<\/strong>, ruelles pav\u00e9es, passages vo\u00fbtes et terrasses dominant vall\u00e9es. Le <strong>ch\u00e2teau de Portes<\/strong>, en <strong>Ard\u00e8che<\/strong> sur la <strong>voie R\u00e9gordane<\/strong>, t\u00e9moigne du Moyen \u00c2ge. \u00c9glises romanes comme celle de <strong>Thines<\/strong> (XIe si\u00e8cle) c\u00f4toient temples protestants, dont le plus grand de France \u00e0 <strong>Saint-Jean-du-Gard<\/strong>.<\/p>\n<p>Le <strong>Mus\u00e9e du D\u00e9sert<\/strong> au <strong>Mas Soubeyran<\/strong> pr\u00e8s de <strong>Mialet<\/strong>, fond\u00e9 en 1911, retrace le protestantisme avec <u>plus de 10 000 artefacts<\/u>. Nous voyons dans ces sites une m\u00e9moire vivante, o\u00f9 chaque pierre \u00e9voque la R\u00e9forme adopt\u00e9e d\u00e8s 1560 dans la r\u00e9gion.<\/p>\n<ul>\n<li><strong>Temples protestants<\/strong> : Octogonal \u00e0 <strong>Meyrueis<\/strong>, temple de <strong>Mialet<\/strong> (XVIIIe si\u00e8cle).<\/li>\n<li><strong>\u00c9glises romanes<\/strong> : Saint-Andr\u00e9 \u00e0 <strong>G\u00e9nolhac<\/strong>, Notre-Dame-du-Gourg \u00e0 <strong>Sainte-Enimie<\/strong>.<\/li>\n<li><strong>Mus\u00e9e du D\u00e9sert<\/strong> : 50 000 visiteurs annuels, histoire des Camisards.<\/li>\n<\/ul>\n<h2>Villages et Nature : Paysages, Rivi\u00e8res et Points de Vue d\u2019Exception<\/h2>\n<p>Chaque village dialogue avec son d\u00e9cor : <strong>gorges du Tarn<\/strong> \u00e0 <strong>Sainte-Enimie<\/strong>, canyon du <strong>Chassezac<\/strong> sous <strong>La Garde-Gu\u00e9rin<\/strong>, corniches de <strong>Thines<\/strong> \u00e0 550 m. Rivi\u00e8res comme le <strong>Gardon<\/strong>, <strong>Tarnon<\/strong> ou <strong>Chassezac<\/strong> invitent \u00e0 la baignade. Ch\u00e2taigneraies couvrent <u>20 000 hectares<\/u>, abritant bouquetins et aigles royales.<\/p>\n<p>Depuis <strong>Thines<\/strong>, admirez vall\u00e9es verdoyantes ; \u00e0 <strong>Florac<\/strong>, le Causse M\u00e9jean s\u2019\u00e9tend. Nous soulignons la richesse florale, avec 2 300 esp\u00e8ces recens\u00e9es dans le Parc, et terrasses t\u00e9moignant de l\u2019agriculture ancienne.<\/p>\n<ul>\n<li><strong>Gorges du Tarn<\/strong> : 53 km de canyon, cano?-kayak populaire.<\/li>\n<li><strong>Corniches du Vivarais<\/strong> : Vues \u00e0 360? depuis <strong>Thines<\/strong>.<\/li>\n<li><strong>Faune<\/strong> : <u>500 bouquetins des Alpes<\/u> observ\u00e9s en 2023.<\/li>\n<\/ul>\n<h2>Les Activit\u00e9s \u00e0 Faire dans les Villages des C\u00e9vennes<\/h2>\n<p>Explorez centres historiques via visites guid\u00e9es \u00e0 <strong>Sainte-Enimie<\/strong> (1h, 8\u20ac), balades patrimoniales \u00e0 <strong>Saint-Jean-du-Gard<\/strong>. Baignades au <strong>Gardon de Mialet<\/strong>, march\u00e9s producteurs : jeudi \u00e0 <strong>Florac<\/strong> (50 exposants), samedi \u00e0 <strong>Anduze<\/strong>. Animations estivales incluent f\u00eates villageoises en juillet-ao\u00fbt.<\/p>\n<p>Visitez la <strong>Grotte de Trabuc<\/strong> pr\u00e8s d\u2019<strong>Anduze<\/strong>, 35?C constants, ou circuits th\u00e9matiques. <strong>Anduze<\/strong> accueille <u>200 000 visiteurs annuels<\/u> pour ses bambouseraies. Nous recommandons march\u00e9s nocturnes de <strong>V\u00e9z\u00e9nobres<\/strong> en \u00e9t\u00e9.<\/p>\n<ul>\n<li><strong>March\u00e9s<\/strong> : <strong>Florac<\/strong> jeudi, <strong>Anduze<\/strong> samedi, 100 stands locaux.<\/li>\n<li><strong>Grottes<\/strong> : <strong>Trabuc<\/strong>, 4 km de galeries, ouverte depuis 1828.<\/li>\n<li><strong>Festivals<\/strong> : F\u00eate de la ch\u00e2taigne \u00e0 <strong>Dourbies<\/strong> fin octobre.<\/li>\n<\/ul>\n<h2>Les Meilleures Randonn\u00e9es \u00e0 Proximit\u00e9 des Villages<\/h2>\n<p>Le r\u00e9seau de <u>3 500 km de sentiers balis\u00e9s<\/u> fait des C\u00e9vennes un paradis randonneur. Depuis <strong>Saint-Jean-du-Gard<\/strong>, le GR70 (<strong>chemin de Stevenson<\/strong>, 272 km total) offre 12 km vers <strong>Le Pont de Montvert<\/strong> (4h, 400 m D+), traversant ch\u00e2taigneraies. \u00c0 <strong>G\u00e9nolhac<\/strong>, boucle du Mont Loz\u00e8re (15 km, 6h, 600 m D+).<\/p>\n<p><strong>Florac-Trois-Rivi\u00e8res<\/strong> m\u00e8ne aux cr\u00eates du Causse M\u00e9jean (10 km, 4h), <strong>Dourbies<\/strong> aux gorges (8 km). Nous privil\u00e9gions le sentier des Po\u00e8tes depuis <strong>Thines<\/strong> (5 km, vues \u00e9poustouflantes). GR traversent le Parc, reliant hameaux.<\/p>\n<ul>\n<li><strong>GR70<\/strong> : De <strong>Le Puy-en-Velay<\/strong> \u00e0 <strong>Al\u00e8s<\/strong>, passages par <strong>Saint-Jean-du-Gard<\/strong>.<\/li>\n<li><strong>Sentier des Po\u00e8tes<\/strong> : 5 km, reliant <strong>Thines<\/strong> \u00e0 <strong>Montselgues<\/strong>.<\/li>\n<li><strong>Boucle Florac<\/strong> : 10 km, panoramas sur trois rivi\u00e8res.<\/li>\n<\/ul>\n<h2>Saveurs des C\u00e9vennes : Gastronomie Locale et Produits du Terroir<\/h2>\n<p>Go\u00fbtez ch\u00e2taignes AOP des <strong>Ard\u00e8che<\/strong> (15 000 tonnes\/an), fromages de ch\u00e8vre <strong>P\u00e9lardon<\/strong> IGP, miel de ch\u00e2taignier, charcuteries au piment d\u2019Espelette. Recettes comme la <strong>tourte aux ch\u00e2taignes<\/strong> ou aligot c\u00e9venol animent auberges. March\u00e9s de <strong>Anduze<\/strong>, <strong>V\u00e9z\u00e9nobres<\/strong>, <strong>Florac<\/strong> regorgent de produits.<\/p>\n<p>F\u00eates de la ch\u00e2taigne \u00e0 <strong>Dourbies<\/strong> (octobre, 5 000 visiteurs) ou figue \u00e0 <strong>V\u00e9z\u00e9nobres<\/strong>. Fermes-auberges comme \u00e0 <strong>G\u00e9nolhac<\/strong> servent tables locavores. Nous ch\u00e9rissons cette cuisine g\u00e9n\u00e9reuse, li\u00e9e \u00e0 80 % de circuits courts.<\/p>\n<ul>\n<li><strong>Ch\u00e2taigne<\/strong> : AOP depuis 2008, 20 vari\u00e9t\u00e9s locales.<\/li>\n<li><strong>P\u00e9lardon<\/strong> : Fromage affin\u00e9 2 mois, 1 200 tonnes\/an.<\/li>\n<li><strong>March\u00e9s<\/strong> : <strong>Florac<\/strong>, produits bio \u00e0 90 %.<\/li>\n<\/ul>\n<h2>Conseils Pratiques pour Visiter les Plus Beaux Villages des C\u00e9vennes<\/h2>\n<p>Optez pour printemps (avril-juin) ou automne (septembre-octobre) pour douceur (15-20?C), \u00e9t\u00e9 pour rivi\u00e8res malgr\u00e9 affluence, hiver pour calme. Acc\u00e8s via A75 ou D904, v\u00e9hicule indispensable pour routes sinueuses (ex. RD 906 vers <strong>Thines<\/strong>). H\u00e9bergements : g\u00eetes ruraux (50\u20ac\/nuit), chambres d\u2019h\u00f4tes \u00e0 <strong>Sainte-Enimie<\/strong>.<\/p>\n<p>S\u00e9jour id\u00e9al : week-end pour 3 villages, semaine pour circuit complet. Itin\u00e9raires : \u201cM\u00e9di\u00e9vaux\u201d (<strong>La Garde-Gu\u00e9rin<\/strong>&#8211;<strong>Sainte-Enimie<\/strong>), \u201cRivi\u00e8res\u201d (<strong>Florac<\/strong>&#8211;<strong>Anduze<\/strong>), \u201cRandonn\u00e9es\u201d (<strong>G\u00e9nolhac<\/strong>&#8211;<strong>Thines<\/strong>). R\u00e9servez via <strong>C\u00e9vennes Tourisme<\/strong>.<\/p>\n<ul>\n<li><strong>Saisons<\/strong> : Automne, <u>couleurs sur 80 % des ch\u00e2taigneraies<\/u>.<\/li>\n<li><strong>H\u00e9bergements<\/strong> : 2 000 g\u00eetes dans le Parc, taux d\u2019occupation 70 % \u00e9t\u00e9.<\/li>\n<li><strong>Itin\u00e9raires<\/strong> : 200 km \u201cVillages perch\u00e9s\u201d, 4 jours.<\/li>\n<\/ul>\n<h2>Conclusion : Un Voyage Inoubliable au C\u0153ur des Villages C\u00e9venols<\/h2>\n<p>Les plus beaux villages des <strong>C\u00e9vennes<\/strong> unissent patrimoine camisard, panoramas gorgiens et terroir g\u00e9n\u00e9reux dans une \u00e9chelle humaine rare. De <strong>Sainte-Enimie<\/strong> aux falaises \u00e0 <strong>La Garde-Gu\u00e9rin<\/strong> suspendue, ils offrent ressourcement et immersion. Nous vous encourageons \u00e0 tracer votre itin\u00e9raire, qu\u2019il privil\u00e9gie histoire \u00e0 <strong>Mialet<\/strong>, randonn\u00e9es depuis <strong>Florac<\/strong> ou saveurs \u00e0 <strong>Anduze<\/strong>.<\/p>\n<p>Ces joyaux, encore pr\u00e9serv\u00e9s avec <u>seulement 20 % urbanis\u00e9s<\/u>, vous attendent pour une escapade o\u00f9 nature et culture dialoguent. Prenez la route, laissez-vous happer par l\u2019\u00e2me c\u00e9venole.<\/p>\n<div style=\"background: #e8f4f8;border: 3px solid #0073aa;padding: 20px;margin: 20px 0;border-radius: 8px\">\n<h2 style=\"color: #0073aa;text-align: center;margin-bottom: 15px\">\ud83d\udd27 Ressources Pratiques et Outils<\/h2>\n<div style=\"background: white;padding: 15px;margin: 10px 0;border-left: 4px solid #28a745\">\n<h3 style=\"color: #28a745;margin-bottom: 10px\">\ud83d\udccd Sainte-Enimie (Loz\u00e8re \u2013 Gorges du Tarn)<\/h3>\n<p><strong>Office de Tourisme Gorges du Tarn \u2013 Causses \u2013 C\u00e9vennes<\/strong><br \/>\nAdresse : Place du Moulin, 48210 Sainte-Enimie, France<br \/>\nT\u00e9l\u00e9phone : +33 (0)4 66 48 53 52<br \/>\nE-mail : <a href=\"mailto:info@gorgesdutarn.net\">info@gorgesdutarn.net<\/a><br \/>\nSite officiel : <a href=\"http:\/\/gorgesdutarn.net\" rel=\"nofollow\">gorgesdutarn.net<\/a><br \/>\nHoraires : G\u00e9n\u00e9ralement ouvert tous les jours en haute saison (juillet-ao\u00fbt), ferm\u00e9 certains dimanches\/hors saison.<br \/>\nActivit\u00e9s : Descente en cano\u00eb sur le Tarn (1\/2 journ\u00e9e) : environ <strong>20 \u20ac \/ personne<\/strong>.<\/p>\n<\/div>\n<div style=\"background: white;padding: 15px;margin: 10px 0;border-left: 4px solid #007bff\">\n<h3 style=\"color: #007bff;margin-bottom: 10px\">\ud83d\udee0\ufe0f Outils et Calculateurs<\/h3>\n<p><strong>Appli Navaway<\/strong> : Application mobile de visites guid\u00e9es audio \/ GPS, propose un parcours \u201cLes 9 plus beaux villages \u00e0 d\u00e9couvrir dans les C\u00e9vennes\u201d. Tarifs guides : quelques euros par guide. T\u00e9l\u00e9chargement depuis <a href=\"http:\/\/navaway.fr\" rel=\"nofollow\">navaway.fr<\/a>.<\/p>\n<p><strong>Guides num\u00e9riques Lonely Planet<\/strong> : Formats PDF \/ ePub \/ Kindle, prix indicatif 2024\u20112025 : ~15\u201325 \u20ac par guide. Plus d&rsquo;infos sur <a href=\"http:\/\/lonelyplanet.fr\" rel=\"nofollow\">lonelyplanet.fr<\/a>.<\/p>\n<\/div>\n<div style=\"background: white;padding: 15px;margin: 10px 0;border-left: 4px solid #6f42c1\">\n<h3 style=\"color: #6f42c1;margin-bottom: 10px\">\ud83d\udc65 Communaut\u00e9 et Experts<\/h3>\n<p><strong>C\u00e9vennes Tourisme<\/strong> : Adresse si\u00e8ge : 2 Quai de la Gare, 30140 Anduze, France. T\u00e9l\u00e9phone : +33 (0)4 66 61 98 17. E-mail : <a href=\"mailto:info@cevennes-tourisme.fr\">info@cevennes-tourisme.fr<\/a>. Site : <a href=\"http:\/\/cevennes-tourisme.fr\" rel=\"nofollow\">cevennes-tourisme.fr<\/a>.<\/p>\n<p><strong>Loz\u00e8re Tourisme<\/strong> : Adresse : 14 boulevard Henri Bourrillon, 48000 Mende, France. T\u00e9l\u00e9phone : +33 (0)4 66 65 60 00. Site : <a href=\"http:\/\/lozere-tourisme.com\" rel=\"nofollow\">lozere-tourisme.com<\/a>.<\/p>\n<\/div>\n<div style=\"background: #fff3cd;padding: 15px;margin: 15px 0;border: 2px solid #ffc107;border-radius: 5px\">\n<strong style=\"color: #856404\">\ud83d\udca1 R\u00e9sum\u00e9 en 2 lignes :<\/strong><br \/>\n<span>D\u00e9couvrez les plus beaux villages des C\u00e9vennes, tels que Sainte-Enimie, avec des ressources pratiques pour planifier votre visite, y compris des contacts d&rsquo;office de tourisme et des outils num\u00e9riques pour explorer la r\u00e9gion.<\/span>\n<\/div>\n<\/div>\n<hr>\n<div class=\"articles-lies\">\n<h3>\u00c0 lire aussi<\/h3>\n<ul>\n<li><a href=\"https:\/\/relais-farfadets.net\/blog\/destinations-et-voyages-authentiques\/week-end-dans-les-vosges-decouvrez-le-lac-de-gerardmer-et-ses-activites\/\">Week-end dans les Vosges : d\u00e9couvrez le lac de G\u00e9rardmer et ses activit\u00e9s<\/a><\/li>\n<li><a href=\"https:\/\/relais-farfadets.net\/blog\/destinations-et-voyages-authentiques\/week-end-en-foret-noire-decouvrez-ses-paysages-et-ses-randonnees-incontournables\/\">Week-end en For\u00eat Noire : d\u00e9couvrez ses paysages et ses randonn\u00e9es incontournables<\/a><\/li>\n<li><a href=\"https:\/\/relais-farfadets.net\/blog\/destinations-et-voyages-authentiques\/week-end-en-foret-noire-conseils-pour-profiter-pleinement-de-la-nature\/\">Week-end en For\u00eat Noire : conseils pour profiter pleinement de la nature<\/a><\/li>\n<li><a href=\"https:\/\/relais-farfadets.net\/blog\/destinations-et-voyages-authentiques\/vacances-pour-parents-solo-les-destinations-et-activites-ideales-pour-se-ressourcer\/\">Vacances pour parents solo : les destinations et activit\u00e9s id\u00e9ales pour se ressourcer<\/a><\/li>\n<\/ul>\n<\/div>\n","protected":false},"excerpt":{"rendered":"","protected":false},"author":34,"featured_media":7640,"comment_status":"open","ping_status":"open","sticky":false,"template":"","format":"standard","meta":{"_acf_changed":false,"manual_indexmenow":false,"indexmenow_id_project":0,"footnotes":""},"categories":[4521],"tags":[4622,4620,4621],"class_list":["post-7638","post","type-post","status-publish","format-standard","has-post-thumbnail","hentry","category-destinations-et-voyages-authentiques","tag-beaux-villages","tag-cevennes-villages","tag-patrimoine-naturel","generate-columns","tablet-grid-50","mobile-grid-100","grid-parent","grid-25"],"acf":[],"yoast_head":"<!-- This site is optimized with the Yoast SEO Premium plugin v21.3 (Yoast SEO v26.5) - https:\/\/yoast.com\/wordpress\/plugins\/seo\/ -->\n<title>Les plus beaux villages des C\u00e9vennes \u00e0 d\u00e9couvrir<\/title>\n<meta name=\"description\" content=\"Les C\u00e9vennes, massif karstique entre Gard, Loz\u00e8re, Ard\u00e8che et H\u00e9rault, abritent de superbes villages. Partez \u00e0 la d\u00e9couverte de ce patrimoine naturel.\" \/>\n<meta name=\"robots\" content=\"index, follow, max-snippet:-1, max-image-preview:large, max-video-preview:-1\" \/>\n<link rel=\"canonical\" href=\"https:\/\/relais-farfadets.net\/blog\/destinations-et-voyages-authentiques\/les-plus-beaux-villages-des-cevennes-un-voyage-au-coeur-du-patrimoine-naturel\/\" \/>\n<meta property=\"og:locale\" content=\"fr_FR\" \/>\n<meta property=\"og:type\" content=\"article\" \/>\n<meta property=\"og:title\" content=\"Les plus beaux villages des C\u00e9vennes \u00e0 d\u00e9couvrir\" \/>\n<meta property=\"og:description\" content=\"Les C\u00e9vennes, massif karstique entre Gard, Loz\u00e8re, Ard\u00e8che et H\u00e9rault, abritent de superbes villages. Partez \u00e0 la d\u00e9couverte de ce patrimoine naturel.\" \/>\n<meta property=\"og:url\" content=\"https:\/\/relais-farfadets.net\/blog\/destinations-et-voyages-authentiques\/les-plus-beaux-villages-des-cevennes-un-voyage-au-coeur-du-patrimoine-naturel\/\" \/>\n<meta property=\"og:site_name\" content=\"relais-farfadets\" \/>\n<meta property=\"og:image\" content=\"https:\/\/relais-farfadets.net\/blog\/wp-content\/uploads\/2025\/12\/pag-image-694153ea33dbf-scaled.png\" \/>\n\t<meta property=\"og:image:width\" content=\"1200\" \/>\n\t<meta property=\"og:image:height\" content=\"686\" \/>\n\t<meta property=\"og:image:type\" content=\"image\/png\" \/>\n<meta name=\"author\" content=\"Camille Rouvray\" \/>\n<meta name=\"twitter:card\" content=\"summary_large_image\" \/>\n<script type=\"application\/ld+json\" class=\"yoast-schema-graph\">{\"@context\":\"https:\/\/schema.org\",\"@graph\":[{\"@type\":\"NewsArticle\",\"@id\":\"https:\/\/relais-farfadets.net\/blog\/destinations-et-voyages-authentiques\/les-plus-beaux-villages-des-cevennes-un-voyage-au-coeur-du-patrimoine-naturel\/#article\",\"isPartOf\":{\"@id\":\"https:\/\/relais-farfadets.net\/blog\/destinations-et-voyages-authentiques\/les-plus-beaux-villages-des-cevennes-un-voyage-au-coeur-du-patrimoine-naturel\/\"},\"author\":{\"name\":\"Camille Rouvray\",\"@id\":\"https:\/\/relais-farfadets.net\/blog\/#\/schema\/person\/3c864cdc320801e3db34b663e7e3f816\"},\"headline\":\"Les plus beaux villages des C\u00e9vennes : un voyage au c\u0153ur du patrimoine naturel\",\"datePublished\":\"2025-12-25T08:32:00+00:00\",\"dateModified\":\"2026-07-01T09:07:00+00:00\",\"mainEntityOfPage\":{\"@id\":\"https:\/\/relais-farfadets.net\/blog\/destinations-et-voyages-authentiques\/les-plus-beaux-villages-des-cevennes-un-voyage-au-coeur-du-patrimoine-naturel\/\"},\"wordCount\":1642,\"commentCount\":0,\"publisher\":{\"@id\":\"https:\/\/relais-farfadets.net\/blog\/#organization\"},\"image\":{\"@id\":\"https:\/\/relais-farfadets.net\/blog\/destinations-et-voyages-authentiques\/les-plus-beaux-villages-des-cevennes-un-voyage-au-coeur-du-patrimoine-naturel\/#primaryimage\"},\"thumbnailUrl\":\"https:\/\/relais-farfadets.net\/blog\/wp-content\/uploads\/2025\/12\/pag-image-694153ea33dbf-scaled.png\",\"keywords\":[\"beaux villages\",\"cevennes villages\",\"patrimoine naturel\"],\"articleSection\":[\"Destinations et Voyages Authentiques\"],\"inLanguage\":\"fr-FR\",\"potentialAction\":[{\"@type\":\"CommentAction\",\"name\":\"Comment\",\"target\":[\"https:\/\/relais-farfadets.net\/blog\/destinations-et-voyages-authentiques\/les-plus-beaux-villages-des-cevennes-un-voyage-au-coeur-du-patrimoine-naturel\/#respond\"]}]},{\"@type\":\"WebPage\",\"@id\":\"https:\/\/relais-farfadets.net\/blog\/destinations-et-voyages-authentiques\/les-plus-beaux-villages-des-cevennes-un-voyage-au-coeur-du-patrimoine-naturel\/\",\"url\":\"https:\/\/relais-farfadets.net\/blog\/destinations-et-voyages-authentiques\/les-plus-beaux-villages-des-cevennes-un-voyage-au-coeur-du-patrimoine-naturel\/\",\"name\":\"Les plus beaux villages des C\u00e9vennes \u00e0 d\u00e9couvrir\",\"isPartOf\":{\"@id\":\"https:\/\/relais-farfadets.net\/blog\/#website\"},\"primaryImageOfPage\":{\"@id\":\"https:\/\/relais-farfadets.net\/blog\/destinations-et-voyages-authentiques\/les-plus-beaux-villages-des-cevennes-un-voyage-au-coeur-du-patrimoine-naturel\/#primaryimage\"},\"image\":{\"@id\":\"https:\/\/relais-farfadets.net\/blog\/destinations-et-voyages-authentiques\/les-plus-beaux-villages-des-cevennes-un-voyage-au-coeur-du-patrimoine-naturel\/#primaryimage\"},\"thumbnailUrl\":\"https:\/\/relais-farfadets.net\/blog\/wp-content\/uploads\/2025\/12\/pag-image-694153ea33dbf-scaled.png\",\"datePublished\":\"2025-12-25T08:32:00+00:00\",\"dateModified\":\"2026-07-01T09:07:00+00:00\",\"description\":\"Les C\u00e9vennes, massif karstique entre Gard, Loz\u00e8re, Ard\u00e8che et H\u00e9rault, abritent de superbes villages. Partez \u00e0 la d\u00e9couverte de ce patrimoine naturel.\",\"inLanguage\":\"fr-FR\",\"potentialAction\":[{\"@type\":\"ReadAction\",\"target\":[\"https:\/\/relais-farfadets.net\/blog\/destinations-et-voyages-authentiques\/les-plus-beaux-villages-des-cevennes-un-voyage-au-coeur-du-patrimoine-naturel\/\"]}]},{\"@type\":\"ImageObject\",\"inLanguage\":\"fr-FR\",\"@id\":\"https:\/\/relais-farfadets.net\/blog\/destinations-et-voyages-authentiques\/les-plus-beaux-villages-des-cevennes-un-voyage-au-coeur-du-patrimoine-naturel\/#primaryimage\",\"url\":\"https:\/\/relais-farfadets.net\/blog\/wp-content\/uploads\/2025\/12\/pag-image-694153ea33dbf-scaled.png\",\"contentUrl\":\"https:\/\/relais-farfadets.net\/blog\/wp-content\/uploads\/2025\/12\/pag-image-694153ea33dbf-scaled.png\",\"width\":1200,\"height\":686,\"caption\":\"Image g\u00e9n\u00e9r\u00e9e par IA optimis\u00e9e pour Google Discover\"},{\"@type\":\"WebSite\",\"@id\":\"https:\/\/relais-farfadets.net\/blog\/#website\",\"url\":\"https:\/\/relais-farfadets.net\/blog\/\",\"name\":\"Relais Farfadets\",\"description\":\"Relais Farfadets, l&#039;univers magique pour toute la famille\",\"publisher\":{\"@id\":\"https:\/\/relais-farfadets.net\/blog\/#organization\"},\"alternateName\":\"Relais Farfadets, l'univers magique pour toute la famille\",\"potentialAction\":[{\"@type\":\"SearchAction\",\"target\":{\"@type\":\"EntryPoint\",\"urlTemplate\":\"https:\/\/relais-farfadets.net\/blog\/?s={search_term_string}\"},\"query-input\":{\"@type\":\"PropertyValueSpecification\",\"valueRequired\":true,\"valueName\":\"search_term_string\"}}],\"inLanguage\":\"fr-FR\"},{\"@type\":\"Organization\",\"@id\":\"https:\/\/relais-farfadets.net\/blog\/#organization\",\"name\":\"Relais Farfadets\",\"alternateName\":\"Relais-Farfadets.net\",\"url\":\"https:\/\/relais-farfadets.net\/blog\/\",\"logo\":{\"@type\":\"ImageObject\",\"inLanguage\":\"fr-FR\",\"@id\":\"https:\/\/relais-farfadets.net\/blog\/#\/schema\/logo\/image\/\",\"url\":\"https:\/\/relais-farfadets.net\/blog\/wp-content\/uploads\/2024\/12\/5.png\",\"contentUrl\":\"https:\/\/relais-farfadets.net\/blog\/wp-content\/uploads\/2024\/12\/5.png\",\"width\":500,\"height\":500,\"caption\":\"Relais Farfadets\"},\"image\":{\"@id\":\"https:\/\/relais-farfadets.net\/blog\/#\/schema\/logo\/image\/\"}},{\"@type\":\"Person\",\"@id\":\"https:\/\/relais-farfadets.net\/blog\/#\/schema\/person\/3c864cdc320801e3db34b663e7e3f816\",\"name\":\"Camille Rouvray\",\"image\":{\"@type\":\"ImageObject\",\"inLanguage\":\"fr-FR\",\"@id\":\"https:\/\/relais-farfadets.net\/blog\/#\/schema\/person\/image\/\",\"url\":\"https:\/\/relais-farfadets.net\/blog\/wp-content\/uploads\/2026\/06\/up_camille-r-96x96.jpg\",\"contentUrl\":\"https:\/\/relais-farfadets.net\/blog\/wp-content\/uploads\/2026\/06\/up_camille-r-96x96.jpg\",\"caption\":\"Camille Rouvray\"},\"description\":\"Je voyage et j'\u00e9cris sur le voyage depuis une douzaine d'ann\u00e9es, d'abord en tant que routarde au long cours, puis comme r\u00e9dactrice sp\u00e9cialis\u00e9e. Mon terrain de pr\u00e9dilection, ce sont les circuits organis\u00e9s et l'art de bien pr\u00e9parer un itin\u00e9raire : choix de la saison, dur\u00e9e r\u00e9aliste des \u00e9tapes, budget jour par jour, logement et transport sur place. J'aime aussi raconter les p\u00e9pites urbaines, ces adresses qu'on ne trouve pas dans les guides classiques. Avant de publier un dossier destination, je croise toujours plusieurs sources, je v\u00e9rifie les tarifs et les formalit\u00e9s d'entr\u00e9e \u00e0 jour, et je teste moi-m\u00eame quand je le peux. Mon angle reste pratique avant tout : aider le lecteur \u00e0 partir l'esprit tranquille, sans mauvaise surprise une fois sur place. Je m'attache \u00e0 distinguer le coup de c\u0153ur sinc\u00e8re du simple argument marketing.\",\"sameAs\":[\"https:\/\/camillerouvray.fr\/\"],\"url\":\"https:\/\/relais-farfadets.net\/blog\/auteur\/noname\/\"}]}<\/script>\n<!-- \/ Yoast SEO Premium plugin. -->","yoast_head_json":{"title":"Les plus beaux villages des C\u00e9vennes \u00e0 d\u00e9couvrir","description":"Les C\u00e9vennes, massif karstique entre Gard, Loz\u00e8re, Ard\u00e8che et H\u00e9rault, abritent de superbes villages. Partez \u00e0 la d\u00e9couverte de ce patrimoine naturel.","robots":{"index":"index","follow":"follow","max-snippet":"max-snippet:-1","max-image-preview":"max-image-preview:large","max-video-preview":"max-video-preview:-1"},"canonical":"https:\/\/relais-farfadets.net\/blog\/destinations-et-voyages-authentiques\/les-plus-beaux-villages-des-cevennes-un-voyage-au-coeur-du-patrimoine-naturel\/","og_locale":"fr_FR","og_type":"article","og_title":"Les plus beaux villages des C\u00e9vennes \u00e0 d\u00e9couvrir","og_description":"Les C\u00e9vennes, massif karstique entre Gard, Loz\u00e8re, Ard\u00e8che et H\u00e9rault, abritent de superbes villages. Partez \u00e0 la d\u00e9couverte de ce patrimoine naturel.","og_url":"https:\/\/relais-farfadets.net\/blog\/destinations-et-voyages-authentiques\/les-plus-beaux-villages-des-cevennes-un-voyage-au-coeur-du-patrimoine-naturel\/","og_site_name":"relais-farfadets","og_image":[{"width":1200,"height":686,"url":"https:\/\/relais-farfadets.net\/blog\/wp-content\/uploads\/2025\/12\/pag-image-694153ea33dbf-scaled.png","type":"image\/png"}],"author":"Camille Rouvray","twitter_card":"summary_large_image","schema":{"@context":"https:\/\/schema.org","@graph":[{"@type":"NewsArticle","@id":"https:\/\/relais-farfadets.net\/blog\/destinations-et-voyages-authentiques\/les-plus-beaux-villages-des-cevennes-un-voyage-au-coeur-du-patrimoine-naturel\/#article","isPartOf":{"@id":"https:\/\/relais-farfadets.net\/blog\/destinations-et-voyages-authentiques\/les-plus-beaux-villages-des-cevennes-un-voyage-au-coeur-du-patrimoine-naturel\/"},"author":{"name":"Camille Rouvray","@id":"https:\/\/relais-farfadets.net\/blog\/#\/schema\/person\/3c864cdc320801e3db34b663e7e3f816"},"headline":"Les plus beaux villages des C\u00e9vennes : un voyage au c\u0153ur du patrimoine naturel","datePublished":"2025-12-25T08:32:00+00:00","dateModified":"2026-07-01T09:07:00+00:00","mainEntityOfPage":{"@id":"https:\/\/relais-farfadets.net\/blog\/destinations-et-voyages-authentiques\/les-plus-beaux-villages-des-cevennes-un-voyage-au-coeur-du-patrimoine-naturel\/"},"wordCount":1642,"commentCount":0,"publisher":{"@id":"https:\/\/relais-farfadets.net\/blog\/#organization"},"image":{"@id":"https:\/\/relais-farfadets.net\/blog\/destinations-et-voyages-authentiques\/les-plus-beaux-villages-des-cevennes-un-voyage-au-coeur-du-patrimoine-naturel\/#primaryimage"},"thumbnailUrl":"https:\/\/relais-farfadets.net\/blog\/wp-content\/uploads\/2025\/12\/pag-image-694153ea33dbf-scaled.png","keywords":["beaux villages","cevennes villages","patrimoine naturel"],"articleSection":["Destinations et Voyages Authentiques"],"inLanguage":"fr-FR","potentialAction":[{"@type":"CommentAction","name":"Comment","target":["https:\/\/relais-farfadets.net\/blog\/destinations-et-voyages-authentiques\/les-plus-beaux-villages-des-cevennes-un-voyage-au-coeur-du-patrimoine-naturel\/#respond"]}]},{"@type":"WebPage","@id":"https:\/\/relais-farfadets.net\/blog\/destinations-et-voyages-authentiques\/les-plus-beaux-villages-des-cevennes-un-voyage-au-coeur-du-patrimoine-naturel\/","url":"https:\/\/relais-farfadets.net\/blog\/destinations-et-voyages-authentiques\/les-plus-beaux-villages-des-cevennes-un-voyage-au-coeur-du-patrimoine-naturel\/","name":"Les plus beaux villages des C\u00e9vennes \u00e0 d\u00e9couvrir","isPartOf":{"@id":"https:\/\/relais-farfadets.net\/blog\/#website"},"primaryImageOfPage":{"@id":"https:\/\/relais-farfadets.net\/blog\/destinations-et-voyages-authentiques\/les-plus-beaux-villages-des-cevennes-un-voyage-au-coeur-du-patrimoine-naturel\/#primaryimage"},"image":{"@id":"https:\/\/relais-farfadets.net\/blog\/destinations-et-voyages-authentiques\/les-plus-beaux-villages-des-cevennes-un-voyage-au-coeur-du-patrimoine-naturel\/#primaryimage"},"thumbnailUrl":"https:\/\/relais-farfadets.net\/blog\/wp-content\/uploads\/2025\/12\/pag-image-694153ea33dbf-scaled.png","datePublished":"2025-12-25T08:32:00+00:00","dateModified":"2026-07-01T09:07:00+00:00","description":"Les C\u00e9vennes, massif karstique entre Gard, Loz\u00e8re, Ard\u00e8che et H\u00e9rault, abritent de superbes villages. Partez \u00e0 la d\u00e9couverte de ce patrimoine naturel.","inLanguage":"fr-FR","potentialAction":[{"@type":"ReadAction","target":["https:\/\/relais-farfadets.net\/blog\/destinations-et-voyages-authentiques\/les-plus-beaux-villages-des-cevennes-un-voyage-au-coeur-du-patrimoine-naturel\/"]}]},{"@type":"ImageObject","inLanguage":"fr-FR","@id":"https:\/\/relais-farfadets.net\/blog\/destinations-et-voyages-authentiques\/les-plus-beaux-villages-des-cevennes-un-voyage-au-coeur-du-patrimoine-naturel\/#primaryimage","url":"https:\/\/relais-farfadets.net\/blog\/wp-content\/uploads\/2025\/12\/pag-image-694153ea33dbf-scaled.png","contentUrl":"https:\/\/relais-farfadets.net\/blog\/wp-content\/uploads\/2025\/12\/pag-image-694153ea33dbf-scaled.png","width":1200,"height":686,"caption":"Image g\u00e9n\u00e9r\u00e9e par IA optimis\u00e9e pour Google Discover"},{"@type":"WebSite","@id":"https:\/\/relais-farfadets.net\/blog\/#website","url":"https:\/\/relais-farfadets.net\/blog\/","name":"Relais Farfadets","description":"Relais Farfadets, l&#039;univers magique pour toute la famille","publisher":{"@id":"https:\/\/relais-farfadets.net\/blog\/#organization"},"alternateName":"Relais Farfadets, l'univers magique pour toute la famille","potentialAction":[{"@type":"SearchAction","target":{"@type":"EntryPoint","urlTemplate":"https:\/\/relais-farfadets.net\/blog\/?s={search_term_string}"},"query-input":{"@type":"PropertyValueSpecification","valueRequired":true,"valueName":"search_term_string"}}],"inLanguage":"fr-FR"},{"@type":"Organization","@id":"https:\/\/relais-farfadets.net\/blog\/#organization","name":"Relais Farfadets","alternateName":"Relais-Farfadets.net","url":"https:\/\/relais-farfadets.net\/blog\/","logo":{"@type":"ImageObject","inLanguage":"fr-FR","@id":"https:\/\/relais-farfadets.net\/blog\/#\/schema\/logo\/image\/","url":"https:\/\/relais-farfadets.net\/blog\/wp-content\/uploads\/2024\/12\/5.png","contentUrl":"https:\/\/relais-farfadets.net\/blog\/wp-content\/uploads\/2024\/12\/5.png","width":500,"height":500,"caption":"Relais Farfadets"},"image":{"@id":"https:\/\/relais-farfadets.net\/blog\/#\/schema\/logo\/image\/"}},{"@type":"Person","@id":"https:\/\/relais-farfadets.net\/blog\/#\/schema\/person\/3c864cdc320801e3db34b663e7e3f816","name":"Camille Rouvray","image":{"@type":"ImageObject","inLanguage":"fr-FR","@id":"https:\/\/relais-farfadets.net\/blog\/#\/schema\/person\/image\/","url":"https:\/\/relais-farfadets.net\/blog\/wp-content\/uploads\/2026\/06\/up_camille-r-96x96.jpg","contentUrl":"https:\/\/relais-farfadets.net\/blog\/wp-content\/uploads\/2026\/06\/up_camille-r-96x96.jpg","caption":"Camille Rouvray"},"description":"Je voyage et j'\u00e9cris sur le voyage depuis une douzaine d'ann\u00e9es, d'abord en tant que routarde au long cours, puis comme r\u00e9dactrice sp\u00e9cialis\u00e9e. Mon terrain de pr\u00e9dilection, ce sont les circuits organis\u00e9s et l'art de bien pr\u00e9parer un itin\u00e9raire : choix de la saison, dur\u00e9e r\u00e9aliste des \u00e9tapes, budget jour par jour, logement et transport sur place. J'aime aussi raconter les p\u00e9pites urbaines, ces adresses qu'on ne trouve pas dans les guides classiques. Avant de publier un dossier destination, je croise toujours plusieurs sources, je v\u00e9rifie les tarifs et les formalit\u00e9s d'entr\u00e9e \u00e0 jour, et je teste moi-m\u00eame quand je le peux. Mon angle reste pratique avant tout : aider le lecteur \u00e0 partir l'esprit tranquille, sans mauvaise surprise une fois sur place. Je m'attache \u00e0 distinguer le coup de c\u0153ur sinc\u00e8re du simple argument marketing.","sameAs":["https:\/\/camillerouvray.fr\/"],"url":"https:\/\/relais-farfadets.net\/blog\/auteur\/noname\/"}]}},"_links":{"self":[{"href":"https:\/\/relais-farfadets.net\/blog\/wp-json\/wp\/v2\/posts\/7638","targetHints":{"allow":["GET"]}}],"collection":[{"href":"https:\/\/relais-farfadets.net\/blog\/wp-json\/wp\/v2\/posts"}],"about":[{"href":"https:\/\/relais-farfadets.net\/blog\/wp-json\/wp\/v2\/types\/post"}],"author":[{"embeddable":true,"href":"https:\/\/relais-farfadets.net\/blog\/wp-json\/wp\/v2\/users\/34"}],"replies":[{"embeddable":true,"href":"https:\/\/relais-farfadets.net\/blog\/wp-json\/wp\/v2\/comments?post=7638"}],"version-history":[{"count":2,"href":"https:\/\/relais-farfadets.net\/blog\/wp-json\/wp\/v2\/posts\/7638\/revisions"}],"predecessor-version":[{"id":7898,"href":"https:\/\/relais-farfadets.net\/blog\/wp-json\/wp\/v2\/posts\/7638\/revisions\/7898"}],"wp:featuredmedia":[{"embeddable":true,"href":"https:\/\/relais-farfadets.net\/blog\/wp-json\/wp\/v2\/media\/7640"}],"wp:attachment":[{"href":"https:\/\/relais-farfadets.net\/blog\/wp-json\/wp\/v2\/media?parent=7638"}],"wp:term":[{"taxonomy":"category","embeddable":true,"href":"https:\/\/relais-farfadets.net\/blog\/wp-json\/wp\/v2\/categories?post=7638"},{"taxonomy":"post_tag","embeddable":true,"href":"https:\/\/relais-farfadets.net\/blog\/wp-json\/wp\/v2\/tags?post=7638"}],"curies":[{"name":"wp","href":"https:\/\/api.w.org\/{rel}","templated":true}]}}