{"id":7552,"date":"2025-02-08T23:38:00","date_gmt":"2025-02-08T22:38:00","guid":{"rendered":"https:\/\/relais-farfadets.net\/blog\/?p=7552"},"modified":"2026-07-01T11:06:20","modified_gmt":"2026-07-01T09:06:20","slug":"decouvrez-la-creche-farfadet-un-lieu-chaleureux-pour-nos-enfants","status":"publish","type":"post","link":"https:\/\/relais-farfadets.net\/blog\/a-la-une\/decouvrez-la-creche-farfadet-un-lieu-chaleureux-pour-nos-enfants\/","title":{"rendered":"D\u00e9couvrez la cr\u00e8che Farfadet : un lieu chaleureux pour nos enfants"},"content":{"rendered":"<h2>Introduction \u00e0 la cr\u00e8che Farfadet<\/h2>\n<p>La <strong>cr\u00e8che Farfadet<\/strong> se distingue comme un choix privil\u00e9gi\u00e9. Situ\u00e9e au c\u0153ur de la ville, elle offre un environnement accueillant et stimulant pour les enfants. Mais qu&rsquo;est-ce qui fait vraiment la diff\u00e9rence ?<\/p>\n<h2>Les valeurs fondamentales de la cr\u00e8che Farfadet<\/h2>\n<p>La cr\u00e8che Farfadet repose sur des valeurs essentielles qui guident son approche \u00e9ducative. L&rsquo;inclusion, la bienveillance et le respect de l&rsquo;individualit\u00e9 des enfants sont au c\u0153ur de sa mission. Les \u00e9quipes \u00e9ducatives ne se contentent pas de garder les enfants, elles les accompagnent dans leur d\u00e9veloppement global.<\/p>\n<p>Voici quelques valeurs cl\u00e9s de la cr\u00e8che :<\/p>\n<ul>\n<li><strong>Inclusion :<\/strong> Chaque enfant est unique et m\u00e9rite de s&rsquo;\u00e9panouir dans un cadre adapt\u00e9 \u00e0 ses besoins.<\/li>\n<li><strong>Bienveillance :<\/strong> Les professionnels de la cr\u00e8che cr\u00e9ent un climat de confiance propice aux \u00e9changes et au d\u00e9veloppement.<\/li>\n<li><strong>\u00c9veil :<\/strong> Les activit\u00e9s propos\u00e9es stimulent la curiosit\u00e9 et la cr\u00e9ativit\u00e9 des enfants.<\/li>\n<\/ul>\n<h2>Les activit\u00e9s propos\u00e9es \u00e0 la cr\u00e8che Farfadet<\/h2>\n<p>\u00c0 la cr\u00e8che Farfadet, les activit\u00e9s sont vari\u00e9es et adapt\u00e9es \u00e0 chaque tranche d&rsquo;\u00e2ge. Elles sont con\u00e7ues pour \u00e9veiller la curiosit\u00e9 et encourager l&rsquo;apprentissage par le jeu. Les enfants participent \u00e0 des ateliers d&rsquo;art, de musique, et m\u00eame de jardinage.<img width=\"1024\" height=\"576\" src=\"https:\/\/relais-farfadets.net\/blog\/wp-content\/uploads\/2025\/02\/stability-decouvrez-la-creche-farfadet-un-lieu-chaleureux-pour-nos-enfants-1.png\" class=\"aligncenter\" alt=\"Illustration d\u00e9taill\u00e9e sur D\u00e9couvrez la cr\u00e8che Farfadet : un lieu chaleureux pour nos enfants\" title=\"D\u00e9couvrez la cr\u00e8che Farfadet : un lieu chaleureux pour nos enfants\" decoding=\"async\" loading=\"lazy\" \/><\/p>\n<p>Chaque activit\u00e9 est soigneusement pens\u00e9e pour contribuer au d\u00e9veloppement des comp\u00e9tences sociales, cognitives et motrices. Par exemple, les jeux d&rsquo;\u00e9quipe favorisent la coop\u00e9ration, tandis que les activit\u00e9s manuelles d\u00e9veloppent la motricit\u00e9 fine.<\/p>\n<blockquote><p>\n    \u00ab\u00a0Apprendre en s&rsquo;amusant est la cl\u00e9 du d\u00e9veloppement de l&rsquo;enfant.\u00a0\u00bb \u2014 \u00c9quipe p\u00e9dagogique de la cr\u00e8che Farfadet\n<\/p><\/blockquote>\n<h2>Les bienfaits d&rsquo;une cr\u00e8che pour les enfants<\/h2>\n<p>Inscrire son enfant \u00e0 la cr\u00e8che Farfadet pr\u00e9sente de nombreux avantages. Tout d&rsquo;abord, cela permet aux enfants de socialiser d\u00e8s leur plus jeune \u00e2ge. Ils apprennent \u00e0 interagir avec d&rsquo;autres enfants, ce qui est fondamental pour leur d\u00e9veloppement \u00e9motionnel.<\/p>\n<p>De plus, la cr\u00e8che offre une routine structur\u00e9e qui aide les enfants \u00e0 se sentir en s\u00e9curit\u00e9. En participant \u00e0 des activit\u00e9s r\u00e9guli\u00e8res, les enfants d\u00e9veloppent un sens de l&rsquo;organisation et de l&rsquo;autonomie.<\/p>\n<table>\n<tr>\n<th>Type d&rsquo;activit\u00e9<\/th>\n<th>Objectif<\/th>\n<th>Impact sur l&rsquo;enfant<\/th>\n<\/tr>\n<tr>\n<td>Ateliers d&rsquo;art<\/td>\n<td>Stimuler la cr\u00e9ativit\u00e9<\/td>\n<td>D\u00e9veloppement de l&rsquo;expression personnelle<\/td>\n<\/tr>\n<tr>\n<td>Jeux collectifs<\/td>\n<td>Favoriser la coop\u00e9ration<\/td>\n<td>Am\u00e9lioration des comp\u00e9tences sociales<\/td>\n<\/tr>\n<tr>\n<td>Activit\u00e9s sensorielles<\/td>\n<td>\u00c9veiller les sens<\/td>\n<td>D\u00e9veloppement cognitif<\/td>\n<\/tr>\n<\/table>\n<h2>FAQ<\/h2>\n<blockquote>\n<ul>\n<li><strong>Quels sont les horaires de la cr\u00e8che Farfadet ?<\/strong>Les horaires sont de 7h30 \u00e0 18h30, du lundi au vendredi.<\/li>\n<li><strong>Comment sont s\u00e9lectionn\u00e9s les \u00e9ducateurs ?<\/strong>Les \u00e9ducateurs sont dipl\u00f4m\u00e9s et form\u00e9s \u00e0 la petite enfance.<\/li>\n<li><strong>Y a-t-il des activit\u00e9s sp\u00e9cifiques pour les b\u00e9b\u00e9s ?<\/strong>Oui, des activit\u00e9s adapt\u00e9es aux b\u00e9b\u00e9s sont propos\u00e9es pour stimuler leur d\u00e9veloppement.<\/li>\n<li><strong>Est-il possible de visiter la cr\u00e8che avant l&rsquo;inscription ?<\/strong>Oui, des visites sont organis\u00e9es sur rendez-vous.<\/li>\n<\/ul>\n<\/blockquote>\n<h2>Conclusion<\/h2>\n<p>La <strong>cr\u00e8che Farfadet<\/strong> se positionne comme un acteur cl\u00e9 dans le d\u00e9veloppement des enfants. Avec une approche centr\u00e9e sur l&rsquo;enfant et des activit\u00e9s diversifi\u00e9es, elle offre un cadre id\u00e9al pour grandir et s&rsquo;\u00e9panouir. Si vous recherchez un environnement accueillant et stimulant pour votre enfant, la cr\u00e8che Farfadet est sans aucun doute une excellente option.<\/p>\n<hr>\n<div class=\"articles-lies\">\n<h3>\u00c0 lire aussi<\/h3>\n<ul>\n<li><a href=\"https:\/\/relais-farfadets.net\/blog\/a-la-une\/tout-savoir-sur-linsigne-farfadet-histoire-signification-et-utilisation\/\">Tout savoir sur l&rsquo;insigne farfadet : histoire, signification et utilisation<\/a><\/li>\n<li><a href=\"https:\/\/relais-farfadets.net\/blog\/a-la-une\/decouvrez-la-bastide-du-farfadet-histoire-activites-et-emerveillement\/\">D\u00e9couvrez la Bastide du Farfadet : Histoire, Activit\u00e9s et \u00c9merveillement<\/a><\/li>\n<li><a href=\"https:\/\/relais-farfadets.net\/blog\/a-la-une\/center-parcs-trois-forets-guide\/\">Guide complet Center Parcs Les Trois For\u00eats : comment profiter \u00e0 fond de votre s\u00e9jour en Lorraine<\/a><\/li>\n<li><a href=\"https:\/\/relais-farfadets.net\/blog\/a-la-une\/decouverte-du-farfadet-breton-mythes-et-realites\/\">D\u00e9couverte du Farfadet Breton : Mythes et R\u00e9alit\u00e9s<\/a><\/li>\n<\/ul>\n<\/div>\n","protected":false},"excerpt":{"rendered":"","protected":false},"author":34,"featured_media":7553,"comment_status":"open","ping_status":"open","sticky":false,"template":"","format":"standard","meta":{"_acf_changed":false,"manual_indexmenow":false,"indexmenow_id_project":0,"footnotes":""},"categories":[1],"tags":[4589,4598,4597,4551,4526,4550],"class_list":["post-7552","post","type-post","status-publish","format-standard","has-post-thumbnail","hentry","category-a-la-une","tag-activites","tag-bienveillance","tag-creche","tag-eveil","tag-farfadet","tag-inclusion","generate-columns","tablet-grid-50","mobile-grid-100","grid-parent","grid-25"],"acf":[],"yoast_head":"<!-- This site is optimized with the Yoast SEO Premium plugin v21.3 (Yoast SEO v26.5) - https:\/\/yoast.com\/wordpress\/plugins\/seo\/ -->\n<title>Cr\u00e8che Farfadet : un lieu chaleureux pour vos enfants<\/title>\n<meta name=\"description\" content=\"Cr\u00e8che Farfadet : un lieu chaleureux et stimulant au c\u0153ur de la ville pour accueillir vos enfants. D\u00e9couvrez son cadre accueillant et ses valeurs.\" \/>\n<meta name=\"robots\" content=\"index, follow, max-snippet:-1, max-image-preview:large, max-video-preview:-1\" \/>\n<link rel=\"canonical\" href=\"https:\/\/relais-farfadets.net\/blog\/a-la-une\/decouvrez-la-creche-farfadet-un-lieu-chaleureux-pour-nos-enfants\/\" \/>\n<meta property=\"og:locale\" content=\"fr_FR\" \/>\n<meta property=\"og:type\" content=\"article\" \/>\n<meta property=\"og:title\" content=\"Cr\u00e8che Farfadet : un lieu chaleureux pour vos enfants\" \/>\n<meta property=\"og:description\" content=\"Cr\u00e8che Farfadet : un lieu chaleureux et stimulant au c\u0153ur de la ville pour accueillir vos enfants. D\u00e9couvrez son cadre accueillant et ses valeurs.\" \/>\n<meta property=\"og:url\" content=\"https:\/\/relais-farfadets.net\/blog\/a-la-une\/decouvrez-la-creche-farfadet-un-lieu-chaleureux-pour-nos-enfants\/\" \/>\n<meta property=\"og:site_name\" content=\"relais-farfadets\" \/>\n<meta property=\"og:image\" content=\"https:\/\/relais-farfadets.net\/blog\/wp-content\/uploads\/2025\/02\/stability-decouvrez-la-creche-farfadet-un-lieu-chaleureux-pour-nos-enfants.png\" \/>\n\t<meta property=\"og:image:width\" content=\"1024\" \/>\n\t<meta property=\"og:image:height\" content=\"576\" \/>\n\t<meta property=\"og:image:type\" content=\"image\/png\" \/>\n<meta name=\"author\" content=\"Camille Rouvray\" \/>\n<meta name=\"twitter:card\" content=\"summary_large_image\" \/>\n<script type=\"application\/ld+json\" class=\"yoast-schema-graph\">{\"@context\":\"https:\/\/schema.org\",\"@graph\":[{\"@type\":\"NewsArticle\",\"@id\":\"https:\/\/relais-farfadets.net\/blog\/a-la-une\/decouvrez-la-creche-farfadet-un-lieu-chaleureux-pour-nos-enfants\/#article\",\"isPartOf\":{\"@id\":\"https:\/\/relais-farfadets.net\/blog\/a-la-une\/decouvrez-la-creche-farfadet-un-lieu-chaleureux-pour-nos-enfants\/\"},\"author\":{\"name\":\"Camille Rouvray\",\"@id\":\"https:\/\/relais-farfadets.net\/blog\/#\/schema\/person\/3c864cdc320801e3db34b663e7e3f816\"},\"headline\":\"D\u00e9couvrez la cr\u00e8che Farfadet : un lieu chaleureux pour nos enfants\",\"datePublished\":\"2025-02-08T22:38:00+00:00\",\"dateModified\":\"2026-07-01T09:06:20+00:00\",\"mainEntityOfPage\":{\"@id\":\"https:\/\/relais-farfadets.net\/blog\/a-la-une\/decouvrez-la-creche-farfadet-un-lieu-chaleureux-pour-nos-enfants\/\"},\"wordCount\":627,\"commentCount\":29,\"publisher\":{\"@id\":\"https:\/\/relais-farfadets.net\/blog\/#organization\"},\"image\":{\"@id\":\"https:\/\/relais-farfadets.net\/blog\/a-la-une\/decouvrez-la-creche-farfadet-un-lieu-chaleureux-pour-nos-enfants\/#primaryimage\"},\"thumbnailUrl\":\"https:\/\/relais-farfadets.net\/blog\/wp-content\/uploads\/2025\/02\/stability-decouvrez-la-creche-farfadet-un-lieu-chaleureux-pour-nos-enfants.png\",\"keywords\":[\"Activit\u00e9s\",\"Bienveillance\",\"Cr\u00e8che\",\"\u00c9veil\",\"Farfadet\",\"Inclusion\"],\"articleSection\":[\"\u00c0 la une\"],\"inLanguage\":\"fr-FR\",\"potentialAction\":[{\"@type\":\"CommentAction\",\"name\":\"Comment\",\"target\":[\"https:\/\/relais-farfadets.net\/blog\/a-la-une\/decouvrez-la-creche-farfadet-un-lieu-chaleureux-pour-nos-enfants\/#respond\"]}]},{\"@type\":\"WebPage\",\"@id\":\"https:\/\/relais-farfadets.net\/blog\/a-la-une\/decouvrez-la-creche-farfadet-un-lieu-chaleureux-pour-nos-enfants\/\",\"url\":\"https:\/\/relais-farfadets.net\/blog\/a-la-une\/decouvrez-la-creche-farfadet-un-lieu-chaleureux-pour-nos-enfants\/\",\"name\":\"Cr\u00e8che Farfadet : un lieu chaleureux pour vos enfants\",\"isPartOf\":{\"@id\":\"https:\/\/relais-farfadets.net\/blog\/#website\"},\"primaryImageOfPage\":{\"@id\":\"https:\/\/relais-farfadets.net\/blog\/a-la-une\/decouvrez-la-creche-farfadet-un-lieu-chaleureux-pour-nos-enfants\/#primaryimage\"},\"image\":{\"@id\":\"https:\/\/relais-farfadets.net\/blog\/a-la-une\/decouvrez-la-creche-farfadet-un-lieu-chaleureux-pour-nos-enfants\/#primaryimage\"},\"thumbnailUrl\":\"https:\/\/relais-farfadets.net\/blog\/wp-content\/uploads\/2025\/02\/stability-decouvrez-la-creche-farfadet-un-lieu-chaleureux-pour-nos-enfants.png\",\"datePublished\":\"2025-02-08T22:38:00+00:00\",\"dateModified\":\"2026-07-01T09:06:20+00:00\",\"description\":\"Cr\u00e8che Farfadet : un lieu chaleureux et stimulant au c\u0153ur de la ville pour accueillir vos enfants. D\u00e9couvrez son cadre accueillant et ses valeurs.\",\"inLanguage\":\"fr-FR\",\"potentialAction\":[{\"@type\":\"ReadAction\",\"target\":[\"https:\/\/relais-farfadets.net\/blog\/a-la-une\/decouvrez-la-creche-farfadet-un-lieu-chaleureux-pour-nos-enfants\/\"]}]},{\"@type\":\"ImageObject\",\"inLanguage\":\"fr-FR\",\"@id\":\"https:\/\/relais-farfadets.net\/blog\/a-la-une\/decouvrez-la-creche-farfadet-un-lieu-chaleureux-pour-nos-enfants\/#primaryimage\",\"url\":\"https:\/\/relais-farfadets.net\/blog\/wp-content\/uploads\/2025\/02\/stability-decouvrez-la-creche-farfadet-un-lieu-chaleureux-pour-nos-enfants.png\",\"contentUrl\":\"https:\/\/relais-farfadets.net\/blog\/wp-content\/uploads\/2025\/02\/stability-decouvrez-la-creche-farfadet-un-lieu-chaleureux-pour-nos-enfants.png\",\"width\":1024,\"height\":576},{\"@type\":\"WebSite\",\"@id\":\"https:\/\/relais-farfadets.net\/blog\/#website\",\"url\":\"https:\/\/relais-farfadets.net\/blog\/\",\"name\":\"Relais Farfadets\",\"description\":\"Relais Farfadets, l&#039;univers magique pour toute la famille\",\"publisher\":{\"@id\":\"https:\/\/relais-farfadets.net\/blog\/#organization\"},\"alternateName\":\"Relais Farfadets, l'univers magique pour toute la famille\",\"potentialAction\":[{\"@type\":\"SearchAction\",\"target\":{\"@type\":\"EntryPoint\",\"urlTemplate\":\"https:\/\/relais-farfadets.net\/blog\/?s={search_term_string}\"},\"query-input\":{\"@type\":\"PropertyValueSpecification\",\"valueRequired\":true,\"valueName\":\"search_term_string\"}}],\"inLanguage\":\"fr-FR\"},{\"@type\":\"Organization\",\"@id\":\"https:\/\/relais-farfadets.net\/blog\/#organization\",\"name\":\"Relais Farfadets\",\"alternateName\":\"Relais-Farfadets.net\",\"url\":\"https:\/\/relais-farfadets.net\/blog\/\",\"logo\":{\"@type\":\"ImageObject\",\"inLanguage\":\"fr-FR\",\"@id\":\"https:\/\/relais-farfadets.net\/blog\/#\/schema\/logo\/image\/\",\"url\":\"https:\/\/relais-farfadets.net\/blog\/wp-content\/uploads\/2024\/12\/5.png\",\"contentUrl\":\"https:\/\/relais-farfadets.net\/blog\/wp-content\/uploads\/2024\/12\/5.png\",\"width\":500,\"height\":500,\"caption\":\"Relais Farfadets\"},\"image\":{\"@id\":\"https:\/\/relais-farfadets.net\/blog\/#\/schema\/logo\/image\/\"}},{\"@type\":\"Person\",\"@id\":\"https:\/\/relais-farfadets.net\/blog\/#\/schema\/person\/3c864cdc320801e3db34b663e7e3f816\",\"name\":\"Camille Rouvray\",\"image\":{\"@type\":\"ImageObject\",\"inLanguage\":\"fr-FR\",\"@id\":\"https:\/\/relais-farfadets.net\/blog\/#\/schema\/person\/image\/\",\"url\":\"https:\/\/relais-farfadets.net\/blog\/wp-content\/uploads\/2026\/06\/up_camille-r-96x96.jpg\",\"contentUrl\":\"https:\/\/relais-farfadets.net\/blog\/wp-content\/uploads\/2026\/06\/up_camille-r-96x96.jpg\",\"caption\":\"Camille Rouvray\"},\"description\":\"Je voyage et j'\u00e9cris sur le voyage depuis une douzaine d'ann\u00e9es, d'abord en tant que routarde au long cours, puis comme r\u00e9dactrice sp\u00e9cialis\u00e9e. Mon terrain de pr\u00e9dilection, ce sont les circuits organis\u00e9s et l'art de bien pr\u00e9parer un itin\u00e9raire : choix de la saison, dur\u00e9e r\u00e9aliste des \u00e9tapes, budget jour par jour, logement et transport sur place. J'aime aussi raconter les p\u00e9pites urbaines, ces adresses qu'on ne trouve pas dans les guides classiques. Avant de publier un dossier destination, je croise toujours plusieurs sources, je v\u00e9rifie les tarifs et les formalit\u00e9s d'entr\u00e9e \u00e0 jour, et je teste moi-m\u00eame quand je le peux. Mon angle reste pratique avant tout : aider le lecteur \u00e0 partir l'esprit tranquille, sans mauvaise surprise une fois sur place. Je m'attache \u00e0 distinguer le coup de c\u0153ur sinc\u00e8re du simple argument marketing.\",\"sameAs\":[\"https:\/\/camillerouvray.fr\/\"],\"url\":\"https:\/\/relais-farfadets.net\/blog\/auteur\/noname\/\"}]}<\/script>\n<!-- \/ Yoast SEO Premium plugin. -->","yoast_head_json":{"title":"Cr\u00e8che Farfadet : un lieu chaleureux pour vos enfants","description":"Cr\u00e8che Farfadet : un lieu chaleureux et stimulant au c\u0153ur de la ville pour accueillir vos enfants. D\u00e9couvrez son cadre accueillant et ses valeurs.","robots":{"index":"index","follow":"follow","max-snippet":"max-snippet:-1","max-image-preview":"max-image-preview:large","max-video-preview":"max-video-preview:-1"},"canonical":"https:\/\/relais-farfadets.net\/blog\/a-la-une\/decouvrez-la-creche-farfadet-un-lieu-chaleureux-pour-nos-enfants\/","og_locale":"fr_FR","og_type":"article","og_title":"Cr\u00e8che Farfadet : un lieu chaleureux pour vos enfants","og_description":"Cr\u00e8che Farfadet : un lieu chaleureux et stimulant au c\u0153ur de la ville pour accueillir vos enfants. D\u00e9couvrez son cadre accueillant et ses valeurs.","og_url":"https:\/\/relais-farfadets.net\/blog\/a-la-une\/decouvrez-la-creche-farfadet-un-lieu-chaleureux-pour-nos-enfants\/","og_site_name":"relais-farfadets","og_image":[{"width":1024,"height":576,"url":"https:\/\/relais-farfadets.net\/blog\/wp-content\/uploads\/2025\/02\/stability-decouvrez-la-creche-farfadet-un-lieu-chaleureux-pour-nos-enfants.png","type":"image\/png"}],"author":"Camille Rouvray","twitter_card":"summary_large_image","schema":{"@context":"https:\/\/schema.org","@graph":[{"@type":"NewsArticle","@id":"https:\/\/relais-farfadets.net\/blog\/a-la-une\/decouvrez-la-creche-farfadet-un-lieu-chaleureux-pour-nos-enfants\/#article","isPartOf":{"@id":"https:\/\/relais-farfadets.net\/blog\/a-la-une\/decouvrez-la-creche-farfadet-un-lieu-chaleureux-pour-nos-enfants\/"},"author":{"name":"Camille Rouvray","@id":"https:\/\/relais-farfadets.net\/blog\/#\/schema\/person\/3c864cdc320801e3db34b663e7e3f816"},"headline":"D\u00e9couvrez la cr\u00e8che Farfadet : un lieu chaleureux pour nos enfants","datePublished":"2025-02-08T22:38:00+00:00","dateModified":"2026-07-01T09:06:20+00:00","mainEntityOfPage":{"@id":"https:\/\/relais-farfadets.net\/blog\/a-la-une\/decouvrez-la-creche-farfadet-un-lieu-chaleureux-pour-nos-enfants\/"},"wordCount":627,"commentCount":29,"publisher":{"@id":"https:\/\/relais-farfadets.net\/blog\/#organization"},"image":{"@id":"https:\/\/relais-farfadets.net\/blog\/a-la-une\/decouvrez-la-creche-farfadet-un-lieu-chaleureux-pour-nos-enfants\/#primaryimage"},"thumbnailUrl":"https:\/\/relais-farfadets.net\/blog\/wp-content\/uploads\/2025\/02\/stability-decouvrez-la-creche-farfadet-un-lieu-chaleureux-pour-nos-enfants.png","keywords":["Activit\u00e9s","Bienveillance","Cr\u00e8che","\u00c9veil","Farfadet","Inclusion"],"articleSection":["\u00c0 la une"],"inLanguage":"fr-FR","potentialAction":[{"@type":"CommentAction","name":"Comment","target":["https:\/\/relais-farfadets.net\/blog\/a-la-une\/decouvrez-la-creche-farfadet-un-lieu-chaleureux-pour-nos-enfants\/#respond"]}]},{"@type":"WebPage","@id":"https:\/\/relais-farfadets.net\/blog\/a-la-une\/decouvrez-la-creche-farfadet-un-lieu-chaleureux-pour-nos-enfants\/","url":"https:\/\/relais-farfadets.net\/blog\/a-la-une\/decouvrez-la-creche-farfadet-un-lieu-chaleureux-pour-nos-enfants\/","name":"Cr\u00e8che Farfadet : un lieu chaleureux pour vos enfants","isPartOf":{"@id":"https:\/\/relais-farfadets.net\/blog\/#website"},"primaryImageOfPage":{"@id":"https:\/\/relais-farfadets.net\/blog\/a-la-une\/decouvrez-la-creche-farfadet-un-lieu-chaleureux-pour-nos-enfants\/#primaryimage"},"image":{"@id":"https:\/\/relais-farfadets.net\/blog\/a-la-une\/decouvrez-la-creche-farfadet-un-lieu-chaleureux-pour-nos-enfants\/#primaryimage"},"thumbnailUrl":"https:\/\/relais-farfadets.net\/blog\/wp-content\/uploads\/2025\/02\/stability-decouvrez-la-creche-farfadet-un-lieu-chaleureux-pour-nos-enfants.png","datePublished":"2025-02-08T22:38:00+00:00","dateModified":"2026-07-01T09:06:20+00:00","description":"Cr\u00e8che Farfadet : un lieu chaleureux et stimulant au c\u0153ur de la ville pour accueillir vos enfants. D\u00e9couvrez son cadre accueillant et ses valeurs.","inLanguage":"fr-FR","potentialAction":[{"@type":"ReadAction","target":["https:\/\/relais-farfadets.net\/blog\/a-la-une\/decouvrez-la-creche-farfadet-un-lieu-chaleureux-pour-nos-enfants\/"]}]},{"@type":"ImageObject","inLanguage":"fr-FR","@id":"https:\/\/relais-farfadets.net\/blog\/a-la-une\/decouvrez-la-creche-farfadet-un-lieu-chaleureux-pour-nos-enfants\/#primaryimage","url":"https:\/\/relais-farfadets.net\/blog\/wp-content\/uploads\/2025\/02\/stability-decouvrez-la-creche-farfadet-un-lieu-chaleureux-pour-nos-enfants.png","contentUrl":"https:\/\/relais-farfadets.net\/blog\/wp-content\/uploads\/2025\/02\/stability-decouvrez-la-creche-farfadet-un-lieu-chaleureux-pour-nos-enfants.png","width":1024,"height":576},{"@type":"WebSite","@id":"https:\/\/relais-farfadets.net\/blog\/#website","url":"https:\/\/relais-farfadets.net\/blog\/","name":"Relais Farfadets","description":"Relais Farfadets, l&#039;univers magique pour toute la famille","publisher":{"@id":"https:\/\/relais-farfadets.net\/blog\/#organization"},"alternateName":"Relais Farfadets, l'univers magique pour toute la famille","potentialAction":[{"@type":"SearchAction","target":{"@type":"EntryPoint","urlTemplate":"https:\/\/relais-farfadets.net\/blog\/?s={search_term_string}"},"query-input":{"@type":"PropertyValueSpecification","valueRequired":true,"valueName":"search_term_string"}}],"inLanguage":"fr-FR"},{"@type":"Organization","@id":"https:\/\/relais-farfadets.net\/blog\/#organization","name":"Relais Farfadets","alternateName":"Relais-Farfadets.net","url":"https:\/\/relais-farfadets.net\/blog\/","logo":{"@type":"ImageObject","inLanguage":"fr-FR","@id":"https:\/\/relais-farfadets.net\/blog\/#\/schema\/logo\/image\/","url":"https:\/\/relais-farfadets.net\/blog\/wp-content\/uploads\/2024\/12\/5.png","contentUrl":"https:\/\/relais-farfadets.net\/blog\/wp-content\/uploads\/2024\/12\/5.png","width":500,"height":500,"caption":"Relais Farfadets"},"image":{"@id":"https:\/\/relais-farfadets.net\/blog\/#\/schema\/logo\/image\/"}},{"@type":"Person","@id":"https:\/\/relais-farfadets.net\/blog\/#\/schema\/person\/3c864cdc320801e3db34b663e7e3f816","name":"Camille Rouvray","image":{"@type":"ImageObject","inLanguage":"fr-FR","@id":"https:\/\/relais-farfadets.net\/blog\/#\/schema\/person\/image\/","url":"https:\/\/relais-farfadets.net\/blog\/wp-content\/uploads\/2026\/06\/up_camille-r-96x96.jpg","contentUrl":"https:\/\/relais-farfadets.net\/blog\/wp-content\/uploads\/2026\/06\/up_camille-r-96x96.jpg","caption":"Camille Rouvray"},"description":"Je voyage et j'\u00e9cris sur le voyage depuis une douzaine d'ann\u00e9es, d'abord en tant que routarde au long cours, puis comme r\u00e9dactrice sp\u00e9cialis\u00e9e. Mon terrain de pr\u00e9dilection, ce sont les circuits organis\u00e9s et l'art de bien pr\u00e9parer un itin\u00e9raire : choix de la saison, dur\u00e9e r\u00e9aliste des \u00e9tapes, budget jour par jour, logement et transport sur place. J'aime aussi raconter les p\u00e9pites urbaines, ces adresses qu'on ne trouve pas dans les guides classiques. Avant de publier un dossier destination, je croise toujours plusieurs sources, je v\u00e9rifie les tarifs et les formalit\u00e9s d'entr\u00e9e \u00e0 jour, et je teste moi-m\u00eame quand je le peux. Mon angle reste pratique avant tout : aider le lecteur \u00e0 partir l'esprit tranquille, sans mauvaise surprise une fois sur place. Je m'attache \u00e0 distinguer le coup de c\u0153ur sinc\u00e8re du simple argument marketing.","sameAs":["https:\/\/camillerouvray.fr\/"],"url":"https:\/\/relais-farfadets.net\/blog\/auteur\/noname\/"}]}},"_links":{"self":[{"href":"https:\/\/relais-farfadets.net\/blog\/wp-json\/wp\/v2\/posts\/7552","targetHints":{"allow":["GET"]}}],"collection":[{"href":"https:\/\/relais-farfadets.net\/blog\/wp-json\/wp\/v2\/posts"}],"about":[{"href":"https:\/\/relais-farfadets.net\/blog\/wp-json\/wp\/v2\/types\/post"}],"author":[{"embeddable":true,"href":"https:\/\/relais-farfadets.net\/blog\/wp-json\/wp\/v2\/users\/34"}],"replies":[{"embeddable":true,"href":"https:\/\/relais-farfadets.net\/blog\/wp-json\/wp\/v2\/comments?post=7552"}],"version-history":[{"count":3,"href":"https:\/\/relais-farfadets.net\/blog\/wp-json\/wp\/v2\/posts\/7552\/revisions"}],"predecessor-version":[{"id":7883,"href":"https:\/\/relais-farfadets.net\/blog\/wp-json\/wp\/v2\/posts\/7552\/revisions\/7883"}],"wp:featuredmedia":[{"embeddable":true,"href":"https:\/\/relais-farfadets.net\/blog\/wp-json\/wp\/v2\/media\/7553"}],"wp:attachment":[{"href":"https:\/\/relais-farfadets.net\/blog\/wp-json\/wp\/v2\/media?parent=7552"}],"wp:term":[{"taxonomy":"category","embeddable":true,"href":"https:\/\/relais-farfadets.net\/blog\/wp-json\/wp\/v2\/categories?post=7552"},{"taxonomy":"post_tag","embeddable":true,"href":"https:\/\/relais-farfadets.net\/blog\/wp-json\/wp\/v2\/tags?post=7552"}],"curies":[{"name":"wp","href":"https:\/\/api.w.org\/{rel}","templated":true}]}}